{"id":9347,"date":"2016-12-02T09:57:31","date_gmt":"2016-12-02T08:57:31","guid":{"rendered":"http:\/\/www.loveof74.es\/weblog\/?p=9347"},"modified":"2016-12-02T10:10:43","modified_gmt":"2016-12-02T09:10:43","slug":"la-bicicleta-ese-medio-trans","status":"publish","type":"post","link":"https:\/\/www.loveof74.es\/weblog\/politica\/la-bicicleta-ese-medio-trans\/","title":{"rendered":"La bicicleta, ese medio trans"},"content":{"rendered":"<p><img decoding=\"async\" src=\"http:\/\/static.deia.com\/images\/2016\/04\/18\/bidegorris_22305_11.jpg\" alt=\"\" \/><\/p>\n<p class=\"western\" lang=\"es-ES\">Estoy hasta la cachimba del tema de los ciclistas. Seres adorados en los v\u00eddeos de Noruega, pedaleando sobre ruedas bajo tempestades. Humanos idolatrados en series televisivas veraniegas y como ejemplo de sostenibilidad laboral (ver el film <a href=\"http:\/\/www.imdb.com\/title\/tt0091814\/\">Quicksilver<\/a>, con el protagonista de insano nombre kevin BACON)<\/p>\n<p class=\"western\" lang=\"es-ES\">Chicos y chicas que deben ver la invasi\u00f3n de su carril por parte de los trotadores varios bajo comentarios de \u201cno seas amargado\u201d. Rodadores urbanos\u00a0 que debe hacer frente a coches de reparto, sillas de ni\u00f1os, 4&#215;4 familiares que \u00absi solo paro un ratito a por los ni\u00f1os\u00bb, maletas con ruedas empujadas por seres de viaje, o gente simplemente andando por esa zona dedicada a los desplazamientos sobre dos ruedas con alegr\u00eda y puta \u201cconvivencia\u201d.<\/p>\n<p class=\"western\" lang=\"es-ES\">Una idea que, a tenor de las notas de prensa, no hace sino subir y subir \u2013 bien- en kilometraje dedicado y distancia coloreada, en Donostia. Ciudad que ya ha hecho una apuesta clara por no herir la sensibilidad de su nicho \u2013 con perd\u00f3n.- de mercado: sus octogenarios habitantes y los turistas. Consumidores de parkings, trenes, pintxos, aceras y&#8230;ruedas? Dos ruedas? Me gusta m\u00e1s el verdejo, ande va a parar.<\/p>\n<p><iframe loading=\"lazy\" width=\"1200\" height=\"675\" src=\"https:\/\/www.youtube.com\/embed\/m3gzWEpHdNc?feature=oembed\" frameborder=\"0\" allowfullscreen><\/iframe><\/p>\n<p class=\"western\" lang=\"es-ES\">No parece de mente muy preclara mandar a los ciclistas a la carretera en el Paseo de La Concha \u201c<em>para hacer respetar la obligatoriedad de ir a 30 kms por hor<\/em>a\u201d. Una idea cojonuda, cierto, si adiestras ni\u00f1os bomba con el ISIS o eres un gestor de campo de concentraci\u00f3n y Mengele te quiere cuidar el parvulario un rato.<\/p>\n<p class=\"western\" lang=\"es-ES\">Poner petates humanos sobre ruedas para que unas cosas con potencia, chapa y velocidad frene contigo, como cuando aparcas y apenas hay sitio. El funcionamiento de esta idea los fines de semana por carreteras secundarias da buena cuenta de su efectividad.<\/p>\n<p class=\"western\" lang=\"es-ES\">Cierto que hay zonas conflictivas en la ciudad, que se arreglan y arreglar\u00e1n con tiempo, educaci\u00f3n -nadie fue ni\u00f1o e hizo carreras en bici por sus calles, claro-, igualdad \u2013 tambi\u00e9n se puede avisar a los peatones de las invasiones de carril rojo, \u00bfno?-.<\/p>\n<p class=\"western\" lang=\"es-ES\">Mas, puestos a llevar a cabo una iniciativa rompedora y de seguro funcionamiento, propongo que sean los peatones quienes vayan por el pavimento. O los coches por la acera. Seguro que se cumpl\u00eda lo de las zonas 30 y de paso nos daba un \u201cTiritas para la conviverncia\u00bb o \u00abLa Milla del Betadine\u00bb o algo as\u00ed megacultural quetecagas<\/p>\n","protected":false},"excerpt":{"rendered":"<p>Estoy hasta la cachimba del tema de los ciclistas. Seres adorados en los v\u00eddeos de Noruega, pedaleando sobre ruedas bajo tempestades. Humanos idolatrados en series televisivas veraniegas y como ejemplo de sostenibilidad laboral (ver el film Quicksilver, con el protagonista de insano nombre kevin BACON) Chicos y chicas que deben ver la invasi\u00f3n de su &#8230; <a title=\"La bicicleta, ese medio trans\" class=\"read-more\" href=\"https:\/\/www.loveof74.es\/weblog\/politica\/la-bicicleta-ese-medio-trans\/\" aria-label=\"M\u00e1s en La bicicleta, ese medio trans\">Leer m\u00e1s<\/a><\/p>\n","protected":false},"author":1,"featured_media":0,"comment_status":"open","ping_status":"open","sticky":false,"template":"","format":"standard","meta":{"om_disable_all_campaigns":false,"_mi_skip_tracking":false},"categories":[48],"tags":[],"aioseo_notices":[],"views":4548,"_links":{"self":[{"href":"https:\/\/www.loveof74.es\/weblog\/wp-json\/wp\/v2\/posts\/9347"}],"collection":[{"href":"https:\/\/www.loveof74.es\/weblog\/wp-json\/wp\/v2\/posts"}],"about":[{"href":"https:\/\/www.loveof74.es\/weblog\/wp-json\/wp\/v2\/types\/post"}],"author":[{"embeddable":true,"href":"https:\/\/www.loveof74.es\/weblog\/wp-json\/wp\/v2\/users\/1"}],"replies":[{"embeddable":true,"href":"https:\/\/www.loveof74.es\/weblog\/wp-json\/wp\/v2\/comments?post=9347"}],"version-history":[{"count":9,"href":"https:\/\/www.loveof74.es\/weblog\/wp-json\/wp\/v2\/posts\/9347\/revisions"}],"predecessor-version":[{"id":9356,"href":"https:\/\/www.loveof74.es\/weblog\/wp-json\/wp\/v2\/posts\/9347\/revisions\/9356"}],"wp:attachment":[{"href":"https:\/\/www.loveof74.es\/weblog\/wp-json\/wp\/v2\/media?parent=9347"}],"wp:term":[{"taxonomy":"category","embeddable":true,"href":"https:\/\/www.loveof74.es\/weblog\/wp-json\/wp\/v2\/categories?post=9347"},{"taxonomy":"post_tag","embeddable":true,"href":"https:\/\/www.loveof74.es\/weblog\/wp-json\/wp\/v2\/tags?post=9347"}],"curies":[{"name":"wp","href":"https:\/\/api.w.org\/{rel}","templated":true}]}}