{"id":900,"date":"2009-05-26T08:50:58","date_gmt":"2009-05-26T07:50:58","guid":{"rendered":"http:\/\/www.loveof74.es\/weblog\/?p=900"},"modified":"2009-05-26T11:34:38","modified_gmt":"2009-05-26T10:34:38","slug":"cosas-que-hacer-en-barcelona-cuando-es-de-dia-en-el-primavera","status":"publish","type":"post","link":"https:\/\/www.loveof74.es\/weblog\/cultura\/cosas-que-hacer-en-barcelona-cuando-es-de-dia-en-el-primavera\/","title":{"rendered":"Cosas que hacer en Barcelona cuando es de d\u00eda en el Primavera"},"content":{"rendered":"<ul>\n<li><strong><a href=\"http:\/\/www.macba.cat\/controller.php?p_action=show_page&amp;pagina_id=28&amp;inst_id=24979\">Tiempo como materia. Colecci\u00f3n MACBA<\/a>.<\/strong> <strong>Nuevas incorporaciones<\/strong><br \/>\n<strong>15\/05\/2009 &#8211; 31\/08\/2009 <\/strong>[Pla\u00e7a dels \u00c0ngels, 1 08001 Barcelona 93 412 08 10]<\/li>\n<\/ul>\n<p>Con el fin de mostrar las obras adquiridas por la Colecci\u00f3n MACBA en los \u00faltimos dos a\u00f1os, in\u00e9ditas en el contexto de la Colecci\u00f3n, el Museu d&#8217;Art Contemporani de Barcelona dedica todos sus espacios expositivos a sus fondos.<\/p>\n<p>La Colecci\u00f3n MACBA no se mostraba de forma global desde el a\u00f1o 2005, cuando en las tres plantas del museo se exhibi\u00f3 una selecci\u00f3n de 160 obras que trazaba una lectura cronol\u00f3gica de los fondos propios, desde la d\u00e9cada de los cincuenta hasta la actualidad. Ahora, al edificio Meyer se le suman los dos nuevos espacios incorporados en los \u00faltimos a\u00f1os: la Capella (septiembre de 2006) y el Centro de Documentaci\u00f3n (diciembre de 2007).<\/p>\n<p><strong><a href=\"http:\/\/www.macba.cat\/uploads\/20090518\/guiaCollecio2009_cas.pdf\" target=\"_blank\">Gu\u00eda de la colecci\u00f3n (PDF)<\/a><\/strong><\/p>\n<p>&#8212;&#8212;&#8212;&#8212;&#8212;&#8212;&#8212;&#8212;&#8212;&#8212;&#8212;&#8212;&#8212;&#8212;<\/p>\n<p><img decoding=\"async\" loading=\"lazy\" class=\"alignright\" src=\"http:\/\/www.cccb.org\/rcs_gene\/expoquinquis_1.jpg\" alt=\"\" width=\"332\" height=\"480\" \/><br \/>\n<strong><a href=\"http:\/\/www.cccb.org\/\"><\/a><\/strong><br \/>\n<a href=\"http:\/\/www.cccb.org\/es\/exposicio-quinquis_dels_80_cinema_premsa_i_carrer-25705\" target=\"_blank\"><strong>Quinquis de los 80. Cine, prensa y calle<\/strong><\/a><\/p>\n<p>El punto de partida de \u00abQuinquis de los 80\u00bb es la figura del quinqui acu\u00f1ada por el fen\u00f3meno del cine de delincuencia juvenil. Los c\u00f3digos de representaci\u00f3n de la delincuencia juvenil del cine quinqui han pervivido hasta la actualidad de tal manera que el estereotipo del quinqui, sometido a un proceso de estetizaci\u00f3n, contin\u00faa hoy en d\u00eda ejerciendo una fascinaci\u00f3n desenfrenada.<\/p>\n<p>Durante los sesenta se pusieron en marcha, ante el d\u00e9ficit de vivienda barata, los planes de urgencia social. El resultado fue un urbanismo de p\u00e9sima calidad, con unos barrios sin los servicios m\u00e1s b\u00e1sicos, hecho que precipit\u00f3 la aparici\u00f3n de los movimientos vecinales.<\/p>\n<p>La crisis de los setenta y el paro acabaron por convertir estos barrios en el territorio germinal del quinqui.<\/p>\n<p>Aquella generaci\u00f3n de j\u00f3venes fue part\u00edcipe, por primera vez en nuestro pa\u00eds, de las corrientes de la cultura juvenil. En la sala de juegos se presentan los elementos de evasi\u00f3n del estilo de vida adolescente: los colegas, el sexo y las drogas; as\u00ed como las manifestaciones de la cultura popular que proyectaban im\u00e1genes afines de rebeld\u00eda, escapismo y marginalidad, como el c\u00f3mico o la m\u00fasica.<\/p>\n<p>En 1975 un 25% de la poblaci\u00f3n mayor de 14 a\u00f1os quedaba excluida del sistema educativo. La edad laboral -como la penal- se situ\u00f3 en los 16 a\u00f1os, as\u00ed que para muchos j\u00f3venes s\u00f3lo quedaba la calle.<\/p>\n<p>Adem\u00e1s, la irrupci\u00f3n de la hero\u00edna hizo estragos. En un clima de alarma social, amplificada por los medios de comunicaci\u00f3n, el delincuente juvenil se convirti\u00f3 en el enemigo p\u00fablico n\u00famero uno.<\/p>\n<p>La presencia que los j\u00f3venes delincuentes ten\u00edan en los medios de comunicaci\u00f3n es clave para entender su iconizaci\u00f3n. El Vaquilla y El Jaro son las estrellas m\u00e1s brillantes de este universo, aut\u00e9nticos h\u00e9roes de la marginalidad, gracias a los biopics cinematogr\u00e1ficos: Navajeros, la saga Perros callejeros y Yo, El Vaquilla. Estas pel\u00edculas conforman la m\u00e9dula del cine quinqui.<\/p>\n<p>Este \u00e1mbito aborda la pervivencia que el fen\u00f3meno quinqui ha tenido despu\u00e9s de su auge y del final tr\u00e1gico de muchos de sus protagonistas, tanto en la ficci\u00f3n como en la realidad.<\/p>\n<p>De la mano de una nueva generaci\u00f3n, se produce una pirueta est\u00e9tica mediante la cual el quinqui de los ochenta se erigi\u00f3 en icono castizo cool. El mito hoy, especialmente en Internet, vuela libre.<\/p>\n<p><strong><a href=\"http:\/\/www.cccb.org\/\">Centre de Cultura Contempor\u00e0nia de Barcelona<\/a><\/strong><\/p>\n<p>Del 25 mayo 2009 al 06 setiembre 2009. De martes a domingo de 11 a 20h. Jueves de 11 a 22 h.<\/p>\n<ul>\n<li><strong><a title=\"Quinquis de los 80. Cine, prensa y calle\" rel=\"shadowbox;width=448;height=254\" href=\"http:\/\/www.cccb.org\/rcs_multimedia\/NewsQuinquis_1.flv\">Quinquis de los 80. Cine, prensa y calle<\/a><\/strong><\/li>\n<li><strong><a href=\"http:\/\/www.elpais.com\/articulo\/cultura\/Sexo\/drogas\/rumba\/pop\/elpepucul\/20090526elpepicul_1\/Tes\">Sexo, drogas y &#8216;rumba pop&#8217;<\/a><\/strong><\/li>\n<\/ul>\n","protected":false},"excerpt":{"rendered":"<p>Un,dos, tres, responda otra vez: ir de museos&#8230;ir de museos&#8230;<\/p>\n","protected":false},"author":1,"featured_media":0,"comment_status":"open","ping_status":"open","sticky":false,"template":"","format":"standard","meta":{"om_disable_all_campaigns":false,"_mi_skip_tracking":false},"categories":[78],"tags":[],"aioseo_notices":[],"views":5352,"_links":{"self":[{"href":"https:\/\/www.loveof74.es\/weblog\/wp-json\/wp\/v2\/posts\/900"}],"collection":[{"href":"https:\/\/www.loveof74.es\/weblog\/wp-json\/wp\/v2\/posts"}],"about":[{"href":"https:\/\/www.loveof74.es\/weblog\/wp-json\/wp\/v2\/types\/post"}],"author":[{"embeddable":true,"href":"https:\/\/www.loveof74.es\/weblog\/wp-json\/wp\/v2\/users\/1"}],"replies":[{"embeddable":true,"href":"https:\/\/www.loveof74.es\/weblog\/wp-json\/wp\/v2\/comments?post=900"}],"version-history":[{"count":3,"href":"https:\/\/www.loveof74.es\/weblog\/wp-json\/wp\/v2\/posts\/900\/revisions"}],"predecessor-version":[{"id":903,"href":"https:\/\/www.loveof74.es\/weblog\/wp-json\/wp\/v2\/posts\/900\/revisions\/903"}],"wp:attachment":[{"href":"https:\/\/www.loveof74.es\/weblog\/wp-json\/wp\/v2\/media?parent=900"}],"wp:term":[{"taxonomy":"category","embeddable":true,"href":"https:\/\/www.loveof74.es\/weblog\/wp-json\/wp\/v2\/categories?post=900"},{"taxonomy":"post_tag","embeddable":true,"href":"https:\/\/www.loveof74.es\/weblog\/wp-json\/wp\/v2\/tags?post=900"}],"curies":[{"name":"wp","href":"https:\/\/api.w.org\/{rel}","templated":true}]}}