{"id":7176,"date":"2012-05-29T07:14:17","date_gmt":"2012-05-29T06:14:17","guid":{"rendered":"http:\/\/www.loveof74.es\/weblog\/?p=7176"},"modified":"2012-05-29T09:43:29","modified_gmt":"2012-05-29T08:43:29","slug":"kafe-aleak-el-estreno-editorial-de-kafea-eta-galletak","status":"publish","type":"post","link":"https:\/\/www.loveof74.es\/weblog\/cultura\/kafe-aleak-el-estreno-editorial-de-kafea-eta-galletak\/","title":{"rendered":"Kafe Aleak, el estreno editorial de Kafea Eta Galletak"},"content":{"rendered":"<p>La siempre interesante asociaci\u00f3n<a href=\"http:\/\/www.kafeaetagalletak.net\/\"> <strong>Kafea Eta Galletak<\/strong><\/a> va a ver pronto publicado su mesi\u00e1nico debut editorial: Kafe Aleak (\u00abGranos de caf\u00e9\u00bb). Un libro escrito en euskera que sigue teniendo la m\u00fasica como hilo conductor y que recopilar\u00e1 m\u00e1s de 100 opiniones distintas sobre otros tantos discos que resultaron seminales (por fecundaci\u00f3n o disfrute) para los firmantes de los textos.<\/p>\n<p>Musiqueros que los autores han conocido en los conciertos, periodistas musicales, cr\u00edticos, responsables discogr\u00e1ficos y otras gentes del mal vivir cultural eligen para su revisita personal obras de lo m\u00e1s diversas (desde Bach hasta los Smiths, pasando por Bikini Kill, Chavela Vargas, Benito Lertxundi, Lole y Manuel, Dut, Janis Joplin, o Ruido de Rabia). La propuesta tiene bastante probabilidad de ser un \u00e9xito de ventas, dado que no hay ning\u00fan m\u00fasico entre los seleccionados.<\/p>\n<p>Ahora andan calculando la tirada, por lo que activan la opci\u00f3n de preventa y mecenazgo. La primera permite comprar por 14 euros el libro y recibirlo en casa sin gastos de env\u00edo. La segunda abre el abanico, y ofrece comprar al menos 3 ejemplares a un menor precio. Coste que va descendiendo cuanto mayor sea el pedido y que exige que, si se adquiere para volver a revenderlo, la etiqueta no supere los 15 euros<\/p>\n<p>Desde aqu\u00ed os animamos a pre-comprarlo. Para ello, y cualquier otra cosa, los promotores siguen teniendo abierto este mail: kafeaetagalletak@gmail.com<\/p>\n","protected":false},"excerpt":{"rendered":"<p>La siempre interesante asociaci\u00f3n Kafea Eta Galletak va a ver pronto publicado su mesi\u00e1nico debut editorial: Kafe Aleak (\u00abGranos de caf\u00e9\u00bb). Un libro escrito en euskera que sigue teniendo la m\u00fasica como hilo conductor y que recopilar\u00e1 m\u00e1s de 100 opiniones distintas sobre otros tantos discos que resultaron seminales (por fecundaci\u00f3n o disfrute) para los &#8230; <a title=\"Kafe Aleak, el estreno editorial de Kafea Eta Galletak\" class=\"read-more\" href=\"https:\/\/www.loveof74.es\/weblog\/cultura\/kafe-aleak-el-estreno-editorial-de-kafea-eta-galletak\/\" aria-label=\"M\u00e1s en Kafe Aleak, el estreno editorial de Kafea Eta Galletak\">Leer m\u00e1s<\/a><\/p>\n","protected":false},"author":1,"featured_media":0,"comment_status":"open","ping_status":"open","sticky":false,"template":"","format":"standard","meta":{"om_disable_all_campaigns":false,"_mi_skip_tracking":false},"categories":[78],"tags":[],"aioseo_notices":[],"views":2944,"_links":{"self":[{"href":"https:\/\/www.loveof74.es\/weblog\/wp-json\/wp\/v2\/posts\/7176"}],"collection":[{"href":"https:\/\/www.loveof74.es\/weblog\/wp-json\/wp\/v2\/posts"}],"about":[{"href":"https:\/\/www.loveof74.es\/weblog\/wp-json\/wp\/v2\/types\/post"}],"author":[{"embeddable":true,"href":"https:\/\/www.loveof74.es\/weblog\/wp-json\/wp\/v2\/users\/1"}],"replies":[{"embeddable":true,"href":"https:\/\/www.loveof74.es\/weblog\/wp-json\/wp\/v2\/comments?post=7176"}],"version-history":[{"count":5,"href":"https:\/\/www.loveof74.es\/weblog\/wp-json\/wp\/v2\/posts\/7176\/revisions"}],"predecessor-version":[{"id":7178,"href":"https:\/\/www.loveof74.es\/weblog\/wp-json\/wp\/v2\/posts\/7176\/revisions\/7178"}],"wp:attachment":[{"href":"https:\/\/www.loveof74.es\/weblog\/wp-json\/wp\/v2\/media?parent=7176"}],"wp:term":[{"taxonomy":"category","embeddable":true,"href":"https:\/\/www.loveof74.es\/weblog\/wp-json\/wp\/v2\/categories?post=7176"},{"taxonomy":"post_tag","embeddable":true,"href":"https:\/\/www.loveof74.es\/weblog\/wp-json\/wp\/v2\/tags?post=7176"}],"curies":[{"name":"wp","href":"https:\/\/api.w.org\/{rel}","templated":true}]}}