{"id":7081,"date":"2012-05-08T17:08:42","date_gmt":"2012-05-08T16:08:42","guid":{"rendered":"http:\/\/www.loveof74.es\/weblog\/?p=7081"},"modified":"2012-05-08T17:13:51","modified_gmt":"2012-05-08T16:13:51","slug":"homeless-festival-05-berio-mursego-ora-pro-nobis","status":"publish","type":"post","link":"https:\/\/www.loveof74.es\/weblog\/cultura\/conciertos\/homeless-festival-05-berio-mursego-ora-pro-nobis\/","title":{"rendered":"Homeless Festival 05. Berrio + Mursego: Ora pro nobis"},"content":{"rendered":"<p style=\"text-align: center;\"><img decoding=\"async\" loading=\"lazy\" class=\"aligncenter\" style=\"margin-top: 13px; margin-bottom: 13px;\" src=\"http:\/\/img696.imageshack.us\/img696\/7226\/jga3616.jpg\" alt=\"\" width=\"451\" height=\"304\" \/><\/p>\n<p>Ya desde los primeros rumores (nocturnos, por supuesto), la cosa pintaba de f\u00e1bula: Rafael Berrio y Mursego, dos de las mentes musicales m\u00e1s importantes de la escena situada en Euskadi, estaban preparando un proyecto conjunto.<\/p>\n<p>Todo era excitaci\u00f3n y desconocimiento, lo cual aumentaba la excitaci\u00f3n. Pero, sobre todo, hab\u00eda mucha tranquilidad. Si cada uno por su camino demuestran estar en un momento de forma sublime, la mezcla tambi\u00e9n ser\u00e1 muy interesante. Seguro.<\/p>\n<p>No he visto ni escuchado nada sobre el tema. Los autores (A los que hay que a\u00f1adir gente como E.Subijana, A.Aldarondo e I.Del Campo en el aspecto audiovisual del proyecto) han estado trabajando tranquilos desde el pasado 2011. Probando. Jugando. A\u00f1adiendo, borrando. Charlando. Viendo como casan las l\u00edricas excelsas de Berrio con la no menos sensacional elegancia creativa de Maite. Buscando, adem\u00e1s de un punto com\u00fan de encuentro, un punto distante al que apuntar ambas personalidades.<\/p>\n<p>Esta es la nota de prensa. Un peque\u00f1o escudo textual. Por m\u00ed, como si dan una receta de Papillote. Yo esto no me lo pierdo por nada del mundo el 8 de junio en el Seminario de Donostia, dentro de una <strong><a href=\"http:\/\/www.homelessmusicfestival.com\/\" target=\"_blank\">nueva edici\u00f3n del Homeless Music Festival<\/a> <\/strong>en el que (albricias) no habr\u00e1 comida que despiste y socialice.<\/p>\n<blockquote><p><em>Perfopoes\u00eda y experimentaci\u00f3n, palabra hablada y trance electroac\u00fastico, el espect\u00e1culo \u201cPHANTASMA\u201d consiste en una superposici\u00f3n de Arte Sonora, Arte Po\u00e9tica y videoarte en torno a la idea de la realidad y la existencia aparente.<\/em><\/p>\n<p><em> <\/em><\/p>\n<p><em>Tomando como punto de partida la generaci\u00f3n ilimitada de sonidos en serie creados por un ingenio electr\u00f3nico denominado Loopstation, Mursego y Berrio a\u00fanan poes\u00eda declamada y fugas musicales reiterativas a las que se a\u00f1aden las videoproyecciones en forma de espejismo tridimensional imaginadas por el equipo de artistas visuales compuesto por Subijana-Aldarondo.<\/em><\/p><\/blockquote>\n","protected":false},"excerpt":{"rendered":"<p>Ya desde los primeros rumores (nocturnos, por supuesto), la cosa pintaba de f\u00e1bula: Rafael Berrio y Mursego, dos de las mentes musicales m\u00e1s importantes de la escena situada en Euskadi, estaban preparando un proyecto conjunto. Todo era excitaci\u00f3n y desconocimiento, lo cual aumentaba la excitaci\u00f3n. Pero, sobre todo, hab\u00eda mucha tranquilidad. Si cada uno por &#8230; <a title=\"Homeless Festival 05. Berrio + Mursego: Ora pro nobis\" class=\"read-more\" href=\"https:\/\/www.loveof74.es\/weblog\/cultura\/conciertos\/homeless-festival-05-berio-mursego-ora-pro-nobis\/\" aria-label=\"M\u00e1s en Homeless Festival 05. Berrio + Mursego: Ora pro nobis\">Leer m\u00e1s<\/a><\/p>\n","protected":false},"author":1,"featured_media":0,"comment_status":"open","ping_status":"open","sticky":false,"template":"","format":"standard","meta":{"om_disable_all_campaigns":false,"_mi_skip_tracking":false},"categories":[31],"tags":[],"aioseo_notices":[],"views":2568,"_links":{"self":[{"href":"https:\/\/www.loveof74.es\/weblog\/wp-json\/wp\/v2\/posts\/7081"}],"collection":[{"href":"https:\/\/www.loveof74.es\/weblog\/wp-json\/wp\/v2\/posts"}],"about":[{"href":"https:\/\/www.loveof74.es\/weblog\/wp-json\/wp\/v2\/types\/post"}],"author":[{"embeddable":true,"href":"https:\/\/www.loveof74.es\/weblog\/wp-json\/wp\/v2\/users\/1"}],"replies":[{"embeddable":true,"href":"https:\/\/www.loveof74.es\/weblog\/wp-json\/wp\/v2\/comments?post=7081"}],"version-history":[{"count":13,"href":"https:\/\/www.loveof74.es\/weblog\/wp-json\/wp\/v2\/posts\/7081\/revisions"}],"predecessor-version":[{"id":7094,"href":"https:\/\/www.loveof74.es\/weblog\/wp-json\/wp\/v2\/posts\/7081\/revisions\/7094"}],"wp:attachment":[{"href":"https:\/\/www.loveof74.es\/weblog\/wp-json\/wp\/v2\/media?parent=7081"}],"wp:term":[{"taxonomy":"category","embeddable":true,"href":"https:\/\/www.loveof74.es\/weblog\/wp-json\/wp\/v2\/categories?post=7081"},{"taxonomy":"post_tag","embeddable":true,"href":"https:\/\/www.loveof74.es\/weblog\/wp-json\/wp\/v2\/tags?post=7081"}],"curies":[{"name":"wp","href":"https:\/\/api.w.org\/{rel}","templated":true}]}}