{"id":5810,"date":"2011-08-26T10:15:14","date_gmt":"2011-08-26T09:15:14","guid":{"rendered":"http:\/\/www.loveof74.es\/weblog\/?p=5810"},"modified":"2011-08-26T10:17:09","modified_gmt":"2011-08-26T09:17:09","slug":"y-hace-20-anos","status":"publish","type":"post","link":"https:\/\/www.loveof74.es\/weblog\/cultura\/musica\/y-hace-20-anos\/","title":{"rendered":"Y hace 20 a\u00f1os&#8230;."},"content":{"rendered":"<p style=\"text-align: center;\"><img decoding=\"async\" class=\"aligncenter\" src=\"http:\/\/a4.sphotos.ak.fbcdn.net\/hphotos-ak-ash4\/301002_1506163391024_1742472423_788542_502445_n.jpg\" alt=\"\" \/><\/p>\n<p style=\"text-align: left;\"><em>Hoy -ayer- hace exactamente 20 a\u00f1os se celebraba este concierto. Tres de  nuestros grupos favoritos, de nuestra ciudad adem\u00e1s, compartiendo cartel  una misma noche de verano. Todo esto rematado con un cartel dise\u00f1ado  por Javier Aramburu. Dar\u00edamos un brazo por haber estado all\u00ed, pero  claro, con 9 a\u00f1os no es habitual salir por ah\u00ed de fiesta.<\/em><\/p>\n<p style=\"text-align: left;\">Colectivo Primo, en FB<\/p>\n","protected":false},"excerpt":{"rendered":"<p>Hoy -ayer- hace exactamente 20 a\u00f1os se celebraba este concierto. Tres de nuestros grupos favoritos, de nuestra ciudad adem\u00e1s, compartiendo cartel una misma noche de verano. Todo esto rematado con un cartel dise\u00f1ado por Javier Aramburu. Dar\u00edamos un brazo por haber estado all\u00ed, pero claro, con 9 a\u00f1os no es habitual salir por ah\u00ed de &#8230; <a title=\"Y hace 20 a\u00f1os&#8230;.\" class=\"read-more\" href=\"https:\/\/www.loveof74.es\/weblog\/cultura\/musica\/y-hace-20-anos\/\" aria-label=\"M\u00e1s en Y hace 20 a\u00f1os&#8230;.\">Leer m\u00e1s<\/a><\/p>\n","protected":false},"author":1,"featured_media":0,"comment_status":"open","ping_status":"open","sticky":false,"template":"","format":"standard","meta":{"om_disable_all_campaigns":false,"_mi_skip_tracking":false},"categories":[31,3],"tags":[],"aioseo_notices":[],"views":3149,"_links":{"self":[{"href":"https:\/\/www.loveof74.es\/weblog\/wp-json\/wp\/v2\/posts\/5810"}],"collection":[{"href":"https:\/\/www.loveof74.es\/weblog\/wp-json\/wp\/v2\/posts"}],"about":[{"href":"https:\/\/www.loveof74.es\/weblog\/wp-json\/wp\/v2\/types\/post"}],"author":[{"embeddable":true,"href":"https:\/\/www.loveof74.es\/weblog\/wp-json\/wp\/v2\/users\/1"}],"replies":[{"embeddable":true,"href":"https:\/\/www.loveof74.es\/weblog\/wp-json\/wp\/v2\/comments?post=5810"}],"version-history":[{"count":3,"href":"https:\/\/www.loveof74.es\/weblog\/wp-json\/wp\/v2\/posts\/5810\/revisions"}],"predecessor-version":[{"id":5814,"href":"https:\/\/www.loveof74.es\/weblog\/wp-json\/wp\/v2\/posts\/5810\/revisions\/5814"}],"wp:attachment":[{"href":"https:\/\/www.loveof74.es\/weblog\/wp-json\/wp\/v2\/media?parent=5810"}],"wp:term":[{"taxonomy":"category","embeddable":true,"href":"https:\/\/www.loveof74.es\/weblog\/wp-json\/wp\/v2\/categories?post=5810"},{"taxonomy":"post_tag","embeddable":true,"href":"https:\/\/www.loveof74.es\/weblog\/wp-json\/wp\/v2\/tags?post=5810"}],"curies":[{"name":"wp","href":"https:\/\/api.w.org\/{rel}","templated":true}]}}