{"id":5259,"date":"2011-05-02T17:38:19","date_gmt":"2011-05-02T16:38:19","guid":{"rendered":"http:\/\/www.loveof74.es\/weblog\/?p=5259"},"modified":"2011-05-02T18:44:49","modified_gmt":"2011-05-02T17:44:49","slug":"amenaza-de-reduccion-de-conciertos-en-donostia-1","status":"publish","type":"post","link":"https:\/\/www.loveof74.es\/weblog\/cultura\/musica\/amenaza-de-reduccion-de-conciertos-en-donostia-1\/","title":{"rendered":"Amenaza de reducci\u00f3n de conciertos en Donostia (1)"},"content":{"rendered":"<p style=\"text-align: left;\"><img decoding=\"async\" class=\"aligncenter\" src=\"http:\/\/3.bp.blogspot.com\/_L22H14HfwRU\/SRckSqzrzDI\/AAAAAAAAAHQ\/lMvYTMiZW2k\/s400\/leb_09b.jpg\" alt=\"\" \/><br \/>\n[Vamos a publicar en una serie de posts la traducci\u00f3n del art\u00edculo <a href=\"http:\/\/www.argia.com\/argia-astekaria\/2274\/musika\">\u00abKontzertuak murrizteko mehatxua Donostian\u00bb publicado en la revista Argia<\/a> hace pocas fechas. No hemos querido a\u00f1adir nada de nuestra propia cosecha al contenido para mantener el esp\u00edritu de Irati Sarasua en el reportaje original. Si tenemos algo que opinar, lo haremos en los comentarios]<\/p>\n<p><em>Denuncias, horarios pactados, recortes. En los d\u00edas en los que la ciudad pelea por ser Capital Europea de La Cultura del 2016, los conciertos en los bares de Donostia comienzan a menguar.<\/em><\/p>\n<p>\u201c<em>El Ayuntamiento ha estado programando hasta ahora actuaciones en El Bukowski, sabiendo que no se cumpl\u00eda la ley<\/em>\u201d. As\u00ed habla Asier Aizpurua, uno de los responsables del establecimiento de la Calle Egia. Lleva raz\u00f3n. En Le Bukowski se programan -o han programado- conciertos del ciclo Donostikluba, programa gestionado por el Ayto, quien se encarga de la selecci\u00f3n y orden\/emplazamiento de los conciertos del certamen.<\/p>\n<p>La taberna Le Bukowski lleva 20 a\u00f1os abierta, y es un referente en la m\u00fasica que se oferta en Donostia. Pero ahora la sombra de la prohibici\u00f3n se cierne sobre ella. A\u00fan estando insonorizado, no tiene licencia de Caf\u00e9 Teatro y, tal y como indica la ley en la actualidad, esa es una caratcer\u00edstica obligatoria para poder acoger conciertos.<\/p>\n<p>Aunque el Ayuntamiento no le haya puesto pegas hasta ahora a la hora de montarlos, uno de los \u201cnuevos\u201d vecinos \u2013 el edificio se reform\u00f3 hace no muchos a\u00f1os- les ha denunciado al saber que la ley no se cumple. Aizpurua afirma que \u201c<em>no es cosa del volumen. La semana pasada hicimos una medici\u00f3n y estamos por debajo de los l\u00edmites<\/em>\u201d. Aun as\u00ed, los \u00faltimos meses los encargados municipales de medir los niveles se han acercado \u201c<em>mil veces<\/em>\u201d. La denuncia no ha sido toda una sorpresa.<\/p>\n<p>La gerencia del Le Bukowski piensa que la denuncia es fruto de la falta de adaptaci\u00f3n legal. Unas normas envejecidas. Por ejemplo: Se proh\u00edbe colocar m\u00e1s bafles que los que el bar tenga de manera permanente. Es decir, seg\u00fan la ley, el tope no lo pone el nivel de decibelios sino el n\u00famero de bafles. \u201c<em>Un DJ est\u00e1 dentro de los par\u00e1metros legales y puede ofrecer su m\u00fasica mucho m\u00e1s alta que la que se presenta en un concierto ac\u00fastico, que se salta esas reglas. No es l\u00f3gico<\/em>\u201d dice el due\u00f1o del bar del barrio de Egia.<\/p>\n<p>LB pas\u00f3 de ofrecer doce conciertos al mes a presentar solo los 4 enmarcados en el circuito Donostikluba. Al principio, el Ayuntamiento s\u00f3lo les dio permisos para montar esas cuatro actuaciones. A los due\u00f1os ese punto les pareci\u00f3 inadmisible, e informaron al Ayuntamiento de que suspend\u00edan toda su programaci\u00f3n.<\/p>\n<p>La informaci\u00f3n agit\u00f3 un poco las calles y la redes sociales: En Twitter, por ejemplo, hubo muchos mensajes con la etiqueta  #freebukowski. El Ayuntamiento, finalmente, cambi\u00f3 de postura. Aunque les han reducido el n\u00famero de conciertos, los due\u00f1os no se muestran completamente desencantados, dado que al final han conseguido llegar a un acuerdo.<\/p>\n<p>[continuar\u00e1]<\/p>\n","protected":false},"excerpt":{"rendered":"<p>[Vamos a publicar en una serie de posts la traducci\u00f3n del art\u00edculo \u00abKontzertuak murrizteko mehatxua Donostian\u00bb publicado en la revista Argia hace pocas fechas. No hemos querido a\u00f1adir nada de nuestra propia cosecha al contenido para mantener el esp\u00edritu de Irati Sarasua en el reportaje original. Si tenemos algo que opinar, lo haremos en los &#8230; <a title=\"Amenaza de reducci\u00f3n de conciertos en Donostia (1)\" class=\"read-more\" href=\"https:\/\/www.loveof74.es\/weblog\/cultura\/musica\/amenaza-de-reduccion-de-conciertos-en-donostia-1\/\" aria-label=\"M\u00e1s en Amenaza de reducci\u00f3n de conciertos en Donostia (1)\">Leer m\u00e1s<\/a><\/p>\n","protected":false},"author":1,"featured_media":0,"comment_status":"open","ping_status":"open","sticky":false,"template":"","format":"standard","meta":{"om_disable_all_campaigns":false,"_mi_skip_tracking":false},"categories":[31,78,3],"tags":[],"aioseo_notices":[],"views":4235,"_links":{"self":[{"href":"https:\/\/www.loveof74.es\/weblog\/wp-json\/wp\/v2\/posts\/5259"}],"collection":[{"href":"https:\/\/www.loveof74.es\/weblog\/wp-json\/wp\/v2\/posts"}],"about":[{"href":"https:\/\/www.loveof74.es\/weblog\/wp-json\/wp\/v2\/types\/post"}],"author":[{"embeddable":true,"href":"https:\/\/www.loveof74.es\/weblog\/wp-json\/wp\/v2\/users\/1"}],"replies":[{"embeddable":true,"href":"https:\/\/www.loveof74.es\/weblog\/wp-json\/wp\/v2\/comments?post=5259"}],"version-history":[{"count":5,"href":"https:\/\/www.loveof74.es\/weblog\/wp-json\/wp\/v2\/posts\/5259\/revisions"}],"predecessor-version":[{"id":5281,"href":"https:\/\/www.loveof74.es\/weblog\/wp-json\/wp\/v2\/posts\/5259\/revisions\/5281"}],"wp:attachment":[{"href":"https:\/\/www.loveof74.es\/weblog\/wp-json\/wp\/v2\/media?parent=5259"}],"wp:term":[{"taxonomy":"category","embeddable":true,"href":"https:\/\/www.loveof74.es\/weblog\/wp-json\/wp\/v2\/categories?post=5259"},{"taxonomy":"post_tag","embeddable":true,"href":"https:\/\/www.loveof74.es\/weblog\/wp-json\/wp\/v2\/tags?post=5259"}],"curies":[{"name":"wp","href":"https:\/\/api.w.org\/{rel}","templated":true}]}}