{"id":5215,"date":"2011-04-14T12:28:05","date_gmt":"2011-04-14T11:28:05","guid":{"rendered":"http:\/\/www.loveof74.es\/weblog\/?p=5215"},"modified":"2011-04-14T12:44:11","modified_gmt":"2011-04-14T11:44:11","slug":"rafael-berrio-en-la-revista-efe-eme","status":"publish","type":"post","link":"https:\/\/www.loveof74.es\/weblog\/cultura\/musica\/rafael-berrio-en-la-revista-efe-eme\/","title":{"rendered":"Rafael Berrio en la revista EFE EME"},"content":{"rendered":"<p><strong><a href=\"http:\/\/www.efeeme.com\/82893\/rafael-berrio-ingenio-libre\/\" target=\"_blank\">El insigne Rafael Berrio ha sido entrevistado por la revista EFE EME <\/a><\/strong>para deleite de sus seguidores (los del autor y el magazine) y ha aumentado la leyenda comunicativa del donostiarra, capaz de convertir\u00a0 &#8211; no es el caso- un fanzine de extraradio en el Cahiers Du Cinema con solo abrir la boca o pulsar la tecla.<\/p>\n<p>Aqu\u00ed algunos extractos subjetivos, porque todo es super recomendable para cualquier fan de la m\u00fasica en general:<\/p>\n<p><strong>\u00bfD\u00f3nde crees que est\u00e1 el fallo desde tu punto de vista, de que  canciones como estas, que realmente tienen algo que decir, no lleguen a  la gente?<\/strong><br \/>\nBueno, no soy nada democr\u00e1tico en estos asuntos. No veo mal que exista  un arte dirigido a una minor\u00eda exclusiva, a una \u00e9lite cultural que tome  la delantera con respecto al \u201cmainstream\u201d. A m\u00ed, por ejemplo, me  molestar\u00eda bastante que a todo el mundo le gustase el \u201cWhite light-white  heat\u201d de la Velvet Underground y que lo pusieran de sinton\u00eda de un  anuncio.<\/p>\n<p><strong>No consigo ver a nadie escribiendo en castellano, al menos aqu\u00ed,  como t\u00fa, que hable de algo parecido. \u00bfT\u00fa s\u00ed. A qui\u00e9n destacar\u00edas? <\/strong><\/p>\n<p>No hago nada diferente de lo que he hecho siempre. Intento esmerarme  escribiendo y esmerarme buscando combinaciones de acordes en la  guitarra. Las dos cosas me importan, no solo las letras. Quiz\u00e1 la  singularidad consista en que yo escribo primero y pongo la m\u00fasica  despu\u00e9s. Eso te da m\u00e1s libertad a la hora de escribir. La  dificultad se aplaza. Viene despu\u00e9s, a la hora de buscar pareja a las  letras con unos acordes o con otros y cantarlas sin que se desvirt\u00fae el  tono, el ambiente que pide cada letra. <strong>Componer es una cosa horrible. No  se lo aconsejo a nadie.<\/strong><\/p>\n<p><strong>\u00bfEst\u00e1 la m\u00fasica, en tu caso, a disposici\u00f3n de las letras, para  que realmente se le preste atenci\u00f3n, o crees que se le deber\u00eda valorar  igual?<\/strong><br \/>\nEsmerarse haciendo letras es contraproducente porque te encasilla y hace  dirigir la atenci\u00f3n hacia un solo lado de la obra. Es como las chicas  guapas que deben demostrar que adem\u00e1s son inteligentes. Una pena. A m\u00ed  una buena letra no me es garant\u00eda de una buena canci\u00f3n. Hay muchos  ejemplos de cantautores cantando a un gran poeta y, sinceramente, la  canci\u00f3n puede ser un fastidio, un fracaso absoluto. Primero, porque la  poes\u00eda de arte mayor no siempre vale para ser cantada y, segundo, porque  en el caso de que se pudiera aplicar a una partitura hay que encontrar  el \u201ctono\u201d exacto de la melod\u00eda con respecto a ese texto. No s\u00e9 si me  explico. Letra y m\u00fasica importan lo mismo y, si lo piensas bien, importa  quiz\u00e1 m\u00e1s la m\u00fasica.<\/p>\n<h3>LA MEJOR<\/h3>\n<p><strong>Se intuye que el proceso de componer las letras es muy  laborioso, muy meditado, evitando los lugares comunes, escogiendo el  camino m\u00e1s dif\u00edcil\u2026 \u00bfCu\u00e1nto trabajo hay, cu\u00e1nto esfuerzo, cu\u00e1nta sangre,  sudor y l\u00e1grimas?<\/strong><br \/>\nEs muy laborioso pero no conviene que lo sepa nadie. El asunto de la  musa es un mito que hay que mantener a toda costa. A m\u00ed, personalmente,  me interesa que la gente imagine que las canciones me vienen por ciencia  infusa, por inspiraci\u00f3n divina, en ataques s\u00fabitos de lucidez mientras  paseo por la calle. Eso crea un aura, un cierto prestigio en el artista,  que no el mero trabajo y esfuerzo, que es algo mucho m\u00e1s corriente y  moliente. Porque si se tratara de poner empe\u00f1o cualquiera lo podr\u00eda  hacer\u2026 \u00bfY entonces?<\/p>\n<p><strong>Imagino que la necesidad de crear es lo que te mantiene activo  desde 1979, cuando empezaste, nada que ver con la fama y el \u00e9xito  popular. \u00bfSon distintas las motivaciones que has sentido durante todos  estos a\u00f1os o lo que ha cambiado es la forma de expresarte?<\/strong><br \/>\nMi padre era un cantante de tangos y boleros y me ense\u00f1\u00f3 a tocar la  guitarra. En el 79 formamos los amigos del colegio nuestra primera banda  con unas canciones primerizas donde importaba m\u00e1s la actitud que la  t\u00e9cnica. Era la Nueva Ola. A mediados de los 80 nos arras\u00f3 el Rock  Radikal Vasco. Literalmente, se nos llev\u00f3 por delante. Madrid hubiera  sido entonces una opci\u00f3n para nosotros, pero desgraciadamente no nos  decidimos. Durante los 90 ninguna compa\u00f1\u00eda del Pa\u00eds Vasco estaba  dispuesta a editar material en castellano que no hiciera causa com\u00fan con  el ambiente Radikal. Permanecimos en la sombra durante a\u00f1os dejando una  obra necesariamente irregular y precaria. Luego el tiempo se echa  encima y ya es, quiz\u00e1, demasiado tarde. Cambian las generaciones y la  vida te lleva por caminos raros. Esa es la secuencia de los hechos. En  cuanto a las motivaciones, ni yo mismo las conozco, ni mucho menos las  comprendo.<\/p>\n<h3>LA SEGUNDA MEJOR<\/h3>\n<p><strong>Me imagino que no puedes vivir de esto, \u00bfno? \u00bfCu\u00e1l crees que debe ser el papel del artista en estos tiempos?<\/strong><br \/>\nNo vivo de la m\u00fasica y no estoy seguro de querer vivir de la m\u00fasica.  <strong>Convertirse en un profesional debe ser muy fastidioso<\/strong>. Yo puedo estar  sin tocar la guitarra durante a\u00f1os y no me pasa nada. <strong>Soy un amateur  eterno<\/strong>. Eso s\u00ed, me gustar\u00eda ser compositor a sueldo para el repertorio  de otros artistas. Un compositor en la sombra, sin rostro p\u00fablico. En  cuanto al papel de los artistas, ya sabemos que seg\u00fan la opini\u00f3n p\u00fablica  mayoritaria, los artistas deben dejar de hacer cuento y ponerse a  trabajar de verdad en algo productivo y a ser posible que fatigue el  cuerpo. Eso es al menos lo que se lee en los foros.<\/p>\n<div id=\"_mcePaste\" style=\"position: absolute; left: -10000px; top: 500px; width: 1px; height: 1px; overflow: hidden;\">\n<p><a class=\"highslide\" href=\"http:\/\/www.efeeme.com\/wp-content\/uploads\/rafael-berrio-foto-thomas-canet-14-04-11-B.jpg\"><img decoding=\"async\" loading=\"lazy\" class=\"size-full wp-image-82904 alignnone\" title=\"SONY DSC\" src=\"http:\/\/www.efeeme.com\/wp-content\/uploads\/rafael-berrio-foto-thomas-canet-14-04-11-B.jpg\" alt=\"\" width=\"660\" height=\"440\" \/><\/a><\/p>\n<blockquote><p>\u201cMe gusta ser muy solemne para calar hondo. Y en  ocasiones absolutamente superficial o absurdo a la manera de la  tradici\u00f3n del rock. Ambos extremos me gustan\u201d<\/p><\/blockquote>\n<p><strong>El proceso de escuchar tu disco lleva a lo que deber\u00edan  conducir los discos: conmueve, hace pensar, preguntarse cosas\u2026 \u00bfCu\u00e1l es  la reacci\u00f3n de la gente, les llega, lo entienden?<\/strong><br \/>\nS\u00ed, mis amigos, que al fin y al cabo es a quien dirijo mis canciones, me  dicen lo mucho que les ha gustado. Es muy halagador. Ellos no saben que  yo las escribo para impresionarles, para hacerme un hueco en sus vidas.  Y para impresionar a ciertas mujeres que me gustan.<\/p>\n<p><strong>\u00bfCu\u00e1l es la proporci\u00f3n entre desencanto, cinismo, drama, existencialismo, solemnidad\u2026? <\/strong><br \/>\nMe gusta ser muy solemne para calar hondo. Y en ocasiones absolutamente  superficial o absurdo a la manera de la tradici\u00f3n del rock. Ambos  extremos me gustan. Dictar frases lapidarias pero tambi\u00e9n ladrar y  maullar pisando la distorsi\u00f3n de la guitarra. Amo tanto el punk de Eddy  Current Suppression Ring como las salmodias lentas de Leonard Cohen. Una  buena canci\u00f3n deber\u00eda ser la mixtura de ambas cosas en su justa medida.<br \/>\n<strong><br \/>\nEn el hermoso libreto aparecen algo as\u00ed como los bocetos de las letras,  inclusos con textos que no est\u00e1n musicados. \u00bfEs as\u00ed realmente? \u00bfCu\u00e1l era  la intenci\u00f3n?<\/strong><br \/>\nTe agradezco que califiques como bello el libreto. Es un facs\u00edmil de mi  propia agenda. Una libreta de contabilidad que compr\u00e9 en un rastro. Yo  no quer\u00eda incluir las letras de las canciones porque me gusta que sean  m\u00e1s imaginadas que le\u00eddas. Fui presionado para incluirlas y decid\u00ed no  poner la versi\u00f3n final sino los bocetos previos manuscritos, acompa\u00f1ados  de otros apuntes y estribillos al margen, tal y como est\u00e1n en mi  libreta. Al final tambi\u00e9n se muestra una letra completa que \u201cno existe\u201d  en el disco y que anuncia el siguiente. Es un libreto que tiene muchas  cosas menudas por descubrir.<\/p>\n<p><strong>\u00bfHasta qu\u00e9 punto lo que lees te lleva a estas canciones. Qu\u00e9  autores son los que m\u00e1s pueden influir sobre este tipo de canciones, a  medio camino entre la estructura pop y de cantautor?<\/strong><br \/>\nNo creo que influyan las lecturas, al menos conscientemente. Influyen en  la adolescencia. Tanto en literatura como en m\u00fasica. Pero a cierta edad  ya no eres permeable. El nervio que vibra se vuelve r\u00edgido, inflexible.  Muy pocas cosas te deslumbran. Todo el bagaje viene de atr\u00e1s. Es una  tragedia. O algo muy melanc\u00f3lico al menos.<\/p>\n<p><strong>Siempre se suele hablar en entrevistas de este tipo de  influencias musicales. \u00bfTe gustar\u00eda m\u00e1s citar a tus autores de cabecera,  a los que vuelves una y otra vez?<\/strong><br \/>\nLeo de todo porque compro siempre en ropavejeros. Son libros llenos de  manchas de \u00f3xido y que a veces contienen tarjetas o escritos de su  anterior due\u00f1o, a quien han sobrevivido. Mis autores favoritos son  Benito P\u00e9rez Gald\u00f3s y P\u00edo Baroja. Por muy diferentes que sean. Y por lo  general todos los espa\u00f1oles del 98. Soy adicto, lo reconozco, a los  autores franceses y portugueses del siglo XIX. A los argentinos Borges y  Bioy Casares. A la picaresca del siglo de oro y a la novela de intriga  policiaca antigua\u2026 En fin, hay tantos. No puedo sin embargo leer nada  actual o que tenga menos de cincuenta a\u00f1os a esta parte. Esa es m\u00e1s o  menos mi mesilla de noche.<\/p>\n<p><strong>Es justo reconocer la enorme labor de Joserra Senperena en los arreglos y la producci\u00f3n. \u00bfC\u00f3mo has vivido t\u00fa su colaboraci\u00f3n?<\/strong><br \/>\nPor la amistad que nos une me atrev\u00ed a pedirle a Senperena que hiciera  los arreglos que necesitaba para estas canciones. \u00c9l es un m\u00fasico  multiinstrumentista de un talento extraordinario, salido del  conservatorio, capaz de dirigir una orquesta y armonizar sobre papel  pautado pero comprendiendo perfectamente el lenguaje del rock. Joserra  Senperena escribi\u00f3 y toc\u00f3 todos los pianos, el acorde\u00f3n, escribi\u00f3 los  arreglos de orquesta y produjo el disco frente a la mesa de control. Muy  pocos artistas podr\u00edan hacer eso en este pa\u00eds de la manera que  Senperena lo hizo. Desafortunadamente, no pudimos grabar todo de manera  org\u00e1nica porque yo me iba quedando sin dinero, pero tuvimos la suerte de  contar con una parte de una joven orquesta a la que a\u00f1adimos algunas  tomas sampleadas para engrandecer el sonido. Tengo que decir bien claro  que tanto Senperena como el resto de los m\u00fasicos \u2013hablo de Carlos Raya,  Jacob Reguil\u00f3n, Dani Griffin, Virginia Pina, Philippa Skillmann, etc.\u2013  vinieron a las sesiones solo por la merienda a la que les invit\u00e1bamos,  desinteresadamente, porque realmente yo no ten\u00eda presupuesto para  pagarles.<br \/>\n<strong><br \/>\nTienes tambi\u00e9n un fraseo distinto, no s\u00e9 si m\u00e1s afrancesado, con el que  cada s\u00edlaba requiere atenci\u00f3n. Puede que nos parezca as\u00ed porque estamos  m\u00e1s acostumbrados a lo anglosaj\u00f3n. Supongo que a ti te resulta natural  esa dicci\u00f3n. \u00bfEs inconsciente o hay alguien que crees que te pueda haber  inspirado?<\/strong><br \/>\nNo s\u00e9 a qu\u00e9 puede deberse. El otro d\u00eda le\u00ed en Youtube un comentario  acerca de un acento extra\u00f1o en mi modo de cantar. Yo no s\u00e9 a qu\u00e9 se  refieren. En cuanto al fraseo, s\u00ed, intento comprimir todo lo que puedo  cada l\u00ednea escrita. Es un asunto que me interesa mucho. Pruebo de muchas  maneras el orden de las palabras hasta conseguir incorporar las m\u00e1ximas  en una sola frase. Pero no le llego ni a la suela de los zapatos a  Alejandro Sanz, por ejemplo.<\/p>\n<p><strong>Imagino que la necesidad de crear es lo que te mantiene  activo desde 1979, cuando empezaste, nada que ver con la fama y el \u00e9xito  popular. \u00bfSon distintas las motivaciones que has sentido durante todos  estos a\u00f1os o lo que ha cambiado es la forma de expresarte?<\/strong><br \/>\nMi padre era un cantante de tangos y boleros y me ense\u00f1\u00f3 a tocar la  guitarra. En el 79 formamos los amigos del colegio nuestra primera banda  con unas canciones primerizas donde importaba m\u00e1s la actitud que la  t\u00e9cnica. Era la Nueva Ola. A mediados de los 80 nos arras\u00f3 el Rock  Radikal Vasco. Literalmente, se nos llev\u00f3 por delante. Madrid hubiera  sido entonces una opci\u00f3n para nosotros, pero desgraciadamente no nos  decidimos. Durante los 90 ninguna compa\u00f1\u00eda del Pa\u00eds Vasco estaba  dispuesta a editar material en castellano que no hiciera causa com\u00fan con  el ambiente Radikal. Permanecimos en la sombra durante a\u00f1os dejando una  obra necesariamente irregular y precaria. Luego el tiempo se echa  encima y ya es, quiz\u00e1, demasiado tarde. Cambian las generaciones y la  vida te lleva por caminos raros. Esa es la secuencia de los hechos. En  cuanto a las motivaciones, ni yo mismo las conozco, ni mucho menos las  comprendo.<br \/>\n<strong><br \/>\nMe imagino que no puedes vivir de esto, \u00bfno? \u00bfCu\u00e1l crees que debe ser el papel del artista en estos tiempos?<\/strong><br \/>\nNo vivo de la m\u00fasica y no estoy seguro de querer vivir de la m\u00fasica.  Convertirse en un profesional debe ser muy fastidioso. Yo puedo estar  sin tocar la guitarra durante a\u00f1os y no me pasa nada. Soy un amateur  eterno. Eso s\u00ed, me gustar\u00eda ser compositor a sueldo para el repertorio  de otros artistas. Un compositor en la sombra, sin rostro p\u00fablico. En  cuanto al papel de los artistas, ya sabemos que seg\u00fan la opini\u00f3n p\u00fablica  mayoritaria, los artistas deben dejar de hacer cuento y ponerse a  trabajar de verdad en algo productivo y a ser posible que fatigue el  cuerpo. Eso es al menos lo que se lee en los foros.<\/p>\n<p><strong>\u00bfQu\u00e9 queda hoy del chaval que empez\u00f3 en UHF?<\/strong><br \/>\nNo recuerdo nada de aquella \u00e9poca. Yo calculo que deb\u00edamos tomar mucha  mescalina porque no me han dejado ning\u00fan recuerdo aquellos d\u00edas.<\/p>\n<p><strong>Por \u00faltimo, y dado que fuiste buen amigo de Poch, \u00bfcu\u00e1l fue la mejor an\u00e9cdota vivida con \u00e9l?<\/strong><br \/>\nContar una sola an\u00e9cdota de Poch ser\u00eda muy dif\u00edcil dado que su sola  presencia ya supon\u00eda un asunto descacharrante. Por este barrio de Gros  donde vivo se le echa de menos. Estoy seguro que tambi\u00e9n por Malasa\u00f1a.  Dios salve al lehendakari\u2026<\/p>\n<p><strong>&#8211;<\/strong><\/p>\n<p><strong><a href=\"http:\/\/www.rafaberrio.com\/\" target=\"_blank\">Desde aqu\u00ed puedes acceder a la web de Rafael Berrio.<\/a><\/strong><\/p>\n<div class=\"sociable\">\n<div class=\"sociable_tagline\"><strong>Comparte esta noticia: <\/strong><\/div>\n<ul>\n<li class=\"sociablefirst\"><a title=\"Digg\" rel=\"nofollow\" href=\"http:\/\/digg.com\/submit?phase=2&amp;url=http%3A%2F%2Fwww.efeeme.com%2F82893%2Frafael-berrio-ingenio-libre%2F&amp;title=Rafael%20Berrio%3A%20Ingenio%20libre&amp;bodytext=Rafael%20Berrio%20es%20un%20secreto%20a%20voces%3A%20compositor%20e%20int%C3%A9rprete%20exquisito%2C%20se%20mueve%20en%20los%20m%C3%A1rgenes%2C%20a%20su%20aire.%20Su%20%C3%BAltima%20disco%2C%20%221971%22%2C%20es%20una%20pieza%20maestra.%20Xavier%20Vali%C3%B1o%20conversa%20con%20%C3%A9l%20en%20profundidad.\" target=\"_blank\"><img decoding=\"async\" class=\"sociable-hovers\" style=\"width: 16px; height: 16px; background: url(http:\/\/www.efeeme.com\/wp-content\/plugins\/sociable\/images\/services-sprite.png) no-repeat scroll -235px -1px transparent;\" title=\"Digg\" src=\"http:\/\/www.efeeme.com\/wp-content\/plugins\/sociable\/images\/services-sprite.gif\" alt=\"Digg\" \/><\/a><\/li>\n<li><a title=\"del.icio.us\" rel=\"nofollow\" href=\"http:\/\/delicious.com\/post?url=http%3A%2F%2Fwww.efeeme.com%2F82893%2Frafael-berrio-ingenio-libre%2F&amp;title=Rafael%20Berrio%3A%20Ingenio%20libre&amp;notes=Rafael%20Berrio%20es%20un%20secreto%20a%20voces%3A%20compositor%20e%20int%C3%A9rprete%20exquisito%2C%20se%20mueve%20en%20los%20m%C3%A1rgenes%2C%20a%20su%20aire.%20Su%20%C3%BAltima%20disco%2C%20%221971%22%2C%20es%20una%20pieza%20maestra.%20Xavier%20Vali%C3%B1o%20conversa%20con%20%C3%A9l%20en%20profundidad.\" target=\"_blank\"><img decoding=\"async\" class=\"sociable-hovers\" style=\"width: 16px; height: 16px; background: url(http:\/\/www.efeeme.com\/wp-content\/plugins\/sociable\/images\/services-sprite.png) no-repeat scroll -199px -1px transparent;\" title=\"del.icio.us\" src=\"http:\/\/www.efeeme.com\/wp-content\/plugins\/sociable\/images\/services-sprite.gif\" alt=\"del.icio.us\" \/><\/a><\/li>\n<li><a title=\"Facebook\" rel=\"nofollow\" href=\"http:\/\/www.facebook.com\/share.php?u=http%3A%2F%2Fwww.efeeme.com%2F82893%2Frafael-berrio-ingenio-libre%2F&amp;t=Rafael%20Berrio%3A%20Ingenio%20libre\" target=\"_blank\"><img decoding=\"async\" class=\"sociable-hovers\" style=\"width: 16px; height: 16px; background: url(http:\/\/www.efeeme.com\/wp-content\/plugins\/sociable\/images\/services-sprite.png) no-repeat scroll -343px -1px transparent;\" title=\"Facebook\" src=\"http:\/\/www.efeeme.com\/wp-content\/plugins\/sociable\/images\/services-sprite.gif\" alt=\"Facebook\" \/><\/a><\/li>\n<li><a title=\"Google Bookmarks\" rel=\"nofollow\" href=\"http:\/\/www.google.com\/bookmarks\/mark?op=edit&amp;bkmk=http%3A%2F%2Fwww.efeeme.com%2F82893%2Frafael-berrio-ingenio-libre%2F&amp;title=Rafael%20Berrio%3A%20Ingenio%20libre&amp;annotation=Rafael%20Berrio%20es%20un%20secreto%20a%20voces%3A%20compositor%20e%20int%C3%A9rprete%20exquisito%2C%20se%20mueve%20en%20los%20m%C3%A1rgenes%2C%20a%20su%20aire.%20Su%20%C3%BAltima%20disco%2C%20%221971%22%2C%20es%20una%20pieza%20maestra.%20Xavier%20Vali%C3%B1o%20conversa%20con%20%C3%A9l%20en%20profundidad.\" target=\"_blank\"><img decoding=\"async\" class=\"sociable-hovers\" style=\"width: 16px; height: 16px; background: url(http:\/\/www.efeeme.com\/wp-content\/plugins\/sociable\/images\/services-sprite.png) no-repeat scroll -91px -19px transparent;\" title=\"Google Bookmarks\" src=\"http:\/\/www.efeeme.com\/wp-content\/plugins\/sociable\/images\/services-sprite.gif\" alt=\"Google Bookmarks\" \/><\/a><\/li>\n<li><a title=\"Add to favorites\" rel=\"nofollow\"><img decoding=\"async\" class=\"sociable-hovers\" style=\"width: 16px; height: 16px; background: url(http:\/\/www.efeeme.com\/wp-content\/plugins\/sociable\/images\/services-sprite.png) no-repeat scroll -181px -73px transparent;\" title=\"Add to favorites\" src=\"http:\/\/www.efeeme.com\/wp-content\/plugins\/sociable\/images\/services-sprite.gif\" alt=\"Add to favorites\" \/><\/a><\/li>\n<li><a title=\"BarraPunto\" rel=\"nofollow\" href=\"http:\/\/barrapunto.com\/submit.pl?subj=Rafael%20Berrio%3A%20Ingenio%20libre&amp;story=http%3A%2F%2Fwww.efeeme.com%2F82893%2Frafael-berrio-ingenio-libre%2F\" target=\"_blank\"><img decoding=\"async\" class=\"sociable-hovers\" style=\"width: 16px; height: 16px; background: url(http:\/\/www.efeeme.com\/wp-content\/plugins\/sociable\/images\/services-sprite.png) no-repeat scroll -1px -1px transparent;\" title=\"BarraPunto\" src=\"http:\/\/www.efeeme.com\/wp-content\/plugins\/sociable\/images\/services-sprite.gif\" alt=\"BarraPunto\" \/><\/a><\/li>\n<li><a title=\"Bitacoras.com\" rel=\"nofollow\" href=\"http:\/\/bitacoras.com\/anotaciones\/http%3A%2F%2Fwww.efeeme.com%2F82893%2Frafael-berrio-ingenio-libre%2F\" target=\"_blank\"><img decoding=\"async\" class=\"sociable-hovers\" style=\"width: 16px; height: 16px; background: url(http:\/\/www.efeeme.com\/wp-content\/plugins\/sociable\/images\/services-sprite.png) no-repeat scroll -19px -1px transparent;\" title=\"Bitacoras.com\" src=\"http:\/\/www.efeeme.com\/wp-content\/plugins\/sociable\/images\/services-sprite.gif\" alt=\"Bitacoras.com\" \/><\/a><\/li>\n<li><a title=\"Meneame\" rel=\"nofollow\" href=\"http:\/\/meneame.net\/submit.php?url=http%3A%2F%2Fwww.efeeme.com%2F82893%2Frafael-berrio-ingenio-libre%2F\" target=\"_blank\"><img decoding=\"async\" class=\"sociable-hovers\" style=\"width: 16px; height: 16px; background: url(http:\/\/www.efeeme.com\/wp-content\/plugins\/sociable\/images\/services-sprite.png) no-repeat scroll -55px -37px transparent;\" title=\"Meneame\" src=\"http:\/\/www.efeeme.com\/wp-content\/plugins\/sociable\/images\/services-sprite.gif\" alt=\"Meneame\" \/><\/a><\/li>\n<li><a title=\"MySpace\" rel=\"nofollow\" href=\"http:\/\/www.myspace.com\/Modules\/PostTo\/Pages\/?u=http%3A%2F%2Fwww.efeeme.com%2F82893%2Frafael-berrio-ingenio-libre%2F&amp;t=Rafael%20Berrio%3A%20Ingenio%20libre\" target=\"_blank\"><img decoding=\"async\" class=\"sociable-hovers\" style=\"width: 16px; height: 16px; background: url(http:\/\/www.efeeme.com\/wp-content\/plugins\/sociable\/images\/services-sprite.png) no-repeat scroll -145px -37px transparent;\" title=\"MySpace\" src=\"http:\/\/www.efeeme.com\/wp-content\/plugins\/sociable\/images\/services-sprite.gif\" alt=\"MySpace\" \/><\/a><\/li>\n<li><a title=\"N4G\" rel=\"nofollow\" href=\"http:\/\/www.n4g.com\/tips.aspx?url=http%3A%2F%2Fwww.efeeme.com%2F82893%2Frafael-berrio-ingenio-libre%2F&amp;title=Rafael%20Berrio%3A%20Ingenio%20libre\" target=\"_blank\"><img decoding=\"async\" class=\"sociable-hovers\" style=\"width: 16px; height: 16px; background: url(http:\/\/www.efeeme.com\/wp-content\/plugins\/sociable\/images\/services-sprite.png) no-repeat scroll -181px -37px transparent;\" title=\"N4G\" src=\"http:\/\/www.efeeme.com\/wp-content\/plugins\/sociable\/images\/services-sprite.gif\" alt=\"N4G\" \/><\/a><\/li>\n<li><a title=\"Twitter\" rel=\"nofollow\" href=\"http:\/\/twitter.com\/home?status=Rafael%20Berrio%3A%20Ingenio%20libre%20-%20http%3A%2F%2Fwww.efeeme.com%2F82893%2Frafael-berrio-ingenio-libre%2F\" target=\"_blank\"><img decoding=\"async\" class=\"sociable-hovers\" style=\"width: 16px; height: 16px; background: url(http:\/\/www.efeeme.com\/wp-content\/plugins\/sociable\/images\/services-sprite.png) no-repeat scroll -343px -55px transparent;\" title=\"Twitter\" src=\"http:\/\/www.efeeme.com\/wp-content\/plugins\/sociable\/images\/services-sprite.gif\" alt=\"Twitter\" \/><\/a><\/li>\n<li class=\"sociablelast\"><a title=\"Wikio\" rel=\"nofollow\" href=\"http:\/\/www.wikio.com\/vote?url=http%3A%2F%2Fwww.efeeme.com%2F82893%2Frafael-berrio-ingenio-libre%2F\" target=\"_blank\"><img decoding=\"async\" class=\"sociable-hovers\" style=\"width: 16px; height: 16px; background: url(http:\/\/www.efeeme.com\/wp-content\/plugins\/sociable\/images\/services-sprite.png) no-repeat scroll -55px -73px transparent;\" title=\"Wikio\" src=\"http:\/\/www.efeeme.com\/wp-content\/plugins\/sociable\/images\/services-sprite.gif\" alt=\"Wikio\" \/><\/a><\/li>\n<\/ul>\n<\/div>\n<div class=\"tags\"><strong>Tags: <\/strong><a rel=\"tag\" href=\"http:\/\/www.efeeme.com\/tag\/entrevistas-nacionales\/\">Entrevistas Nacionales<\/a>, <a rel=\"tag\" href=\"http:\/\/www.efeeme.com\/tag\/rafael-berrio\/\">Rafael Berrio<\/a>, <a rel=\"tag\" href=\"http:\/\/www.efeeme.com\/tag\/xavier-valino\/\">Xavier Vali\u00f1o<\/a><\/div>\n<h3 class=\"redBgTitle\" style=\"text-align: left;\">OTRAS NOTICIAS<\/h3>\n<div id=\"relacionados\">\n<ul>\n<li><a title=\"J. Teixi Band: En el calor de la noche\" href=\"http:\/\/www.efeeme.com\/82614\/j-teixi-band-en-el-calor-de-la-noche\/\">J. Teixi Band: En el calor de la noche<\/a><\/li>\n<li><a title=\"\u00c1lex Cooper: En el Club 45\" href=\"http:\/\/www.efeeme.com\/81965\/alex-cooper-en-el-club-45\/\">\u00c1lex Cooper: En el Club 45<\/a><\/li>\n<li><a title=\"Lagartija Nick: Fase de regeneraci\u00f3n\" href=\"http:\/\/www.efeeme.com\/82537\/lagartija-nick-fase-de-regeneracion\/\">Lagartija Nick: Fase de regeneraci\u00f3n<\/a><\/li>\n<li><a title=\"Dos Bandas y un Destino: Entre pistolas y riffs\" href=\"http:\/\/www.efeeme.com\/82452\/dos-bandas-y-un-destino-entre-pistolas-y-riffs\/\">Dos Bandas y un Destino: Entre pistolas y riffs<\/a><\/li>\n<li><a title=\"Rev\u00f3lver y su viaje musical m\u00e1s sorprendente\" href=\"http:\/\/www.efeeme.com\/82414\/revolver-y-su-viaje-musical-mas-sorprendente\/\">Rev\u00f3lver y su viaje musical m\u00e1s sorprendente<\/a><\/li>\n<\/ul>\n<\/div>\n<h3 id=\"leaveComment\">Deja un comentario<\/h3>\n<div id=\"respond\">\n<div class=\"cancel-comment-reply\"><small><a id=\"cancel-comment-reply-link\" style=\"display: none;\" rel=\"nofollow\" href=\"http:\/\/www.efeeme.com\/82893\/rafael-berrio-ingenio-libre\/#respond\">Clic para cancelar respuesta.<\/a><\/small><\/div>\n<form id=\"commentform\" action=\"http:\/\/www.efeeme.com\/wp-comments-post.php\" method=\"post\"> <input id=\"author\" name=\"author\" size=\"22\" type=\"text\" tabindex=\"1\" \/> <label for=\"author\"><small>Nombre (requerido)<\/small><\/label><\/p>\n<p><input id=\"email\" name=\"email\" size=\"22\" type=\"text\" tabindex=\"2\" \/> <label for=\"email\"><small>E-mail (no ser\u00e1 publicado) (requerido)<\/small><\/label><\/p>\n<p><input id=\"url\" name=\"url\" size=\"22\" type=\"text\" tabindex=\"3\" \/> <label for=\"url\"><small>Website<\/small><\/label><\/p>\n<p><textarea id=\"comment\" cols=\"100%\" rows=\"10\" name=\"comment\"><\/textarea><\/p>\n<p><input id=\"submit\" name=\"submit\" type=\"submit\" tabindex=\"5\" \/> <input id=\"comment_post_ID\" name=\"comment_post_ID\" type=\"hidden\" value=\"82893\" \/> <input id=\"comment_parent\" name=\"comment_parent\" type=\"hidden\" value=\"0\" \/> <\/form>\n<\/div>\n<div id=\"midSidebar\"><span class=\"adLabel\">Publicidad<\/span><\/p>\n<div id=\"midSidebarInner\">\n<div class=\"widget midSidebarWidget\"><span class=\"adLabel\">Publicidad<\/span><\/p>\n<h3 class=\"redBgTitle\">Suscr\u00edbete gratis al newsletter diario de EFE EME<\/h3>\n<form class=\"phplist\" method=\"post\"> <label class=\"required\" for=\"email\">Email<\/label><\/p>\n<p><input id=\"email\" maxlength=\"100\" name=\"email\" size=\"100\" type=\"text\" \/> <input name=\"list[2]\" type=\"hidden\" value=\"signup\" \/> <label for=\"kludge\"><\/label><\/p>\n<p><input id=\"contactsubmit\" name=\"Submit\" type=\"submit\" value=\"Submit\" \/> <input name=\"phplist_submit\" type=\"hidden\" value=\"process\" \/> <\/form>\n<div class=\"sociable\">\n<div class=\"sociable_tagline\"><strong>Comparte esta noticia: <\/strong><\/div>\n<ul>\n<li class=\"sociablefirst\"><a title=\"Digg\" rel=\"nofollow\" href=\"http:\/\/digg.com\/submit?phase=2&amp;url=http%3A%2F%2Fwww.efeeme.com%2F82893%2Frafael-berrio-ingenio-libre%2F&amp;title=Rafael%20Berrio%3A%20Ingenio%20libre&amp;bodytext=Rafael%20Berrio%20es%20un%20secreto%20a%20voces%3A%20compositor%20e%20int%C3%A9rprete%20exquisito%2C%20se%20mueve%20en%20los%20m%C3%A1rgenes%2C%20a%20su%20aire.%20Su%20%C3%BAltima%20disco%2C%20%221971%22%2C%20es%20una%20pieza%20maestra.%20Xavier%20Vali%C3%B1o%20conversa%20con%20%C3%A9l%20en%20profundidad.\" target=\"_blank\"><img decoding=\"async\" class=\"sociable-hovers\" style=\"width: 16px; height: 16px; background: url(http:\/\/www.efeeme.com\/wp-content\/plugins\/sociable\/images\/services-sprite.png) no-repeat scroll -235px -1px transparent;\" title=\"Digg\" src=\"http:\/\/www.efeeme.com\/wp-content\/plugins\/sociable\/images\/services-sprite.gif\" alt=\"Digg\" \/><\/a><\/li>\n<li><a title=\"del.icio.us\" rel=\"nofollow\" href=\"http:\/\/delicious.com\/post?url=http%3A%2F%2Fwww.efeeme.com%2F82893%2Frafael-berrio-ingenio-libre%2F&amp;title=Rafael%20Berrio%3A%20Ingenio%20libre&amp;notes=Rafael%20Berrio%20es%20un%20secreto%20a%20voces%3A%20compositor%20e%20int%C3%A9rprete%20exquisito%2C%20se%20mueve%20en%20los%20m%C3%A1rgenes%2C%20a%20su%20aire.%20Su%20%C3%BAltima%20disco%2C%20%221971%22%2C%20es%20una%20pieza%20maestra.%20Xavier%20Vali%C3%B1o%20conversa%20con%20%C3%A9l%20en%20profundidad.\" target=\"_blank\"><img decoding=\"async\" class=\"sociable-hovers\" style=\"width: 16px; height: 16px; background: url(http:\/\/www.efeeme.com\/wp-content\/plugins\/sociable\/images\/services-sprite.png) no-repeat scroll -199px -1px transparent;\" title=\"del.icio.us\" src=\"http:\/\/www.efeeme.com\/wp-content\/plugins\/sociable\/images\/services-sprite.gif\" alt=\"del.icio.us\" \/><\/a><\/li>\n<li><a title=\"Facebook\" rel=\"nofollow\" href=\"http:\/\/www.facebook.com\/share.php?u=http%3A%2F%2Fwww.efeeme.com%2F82893%2Frafael-berrio-ingenio-libre%2F&amp;t=Rafael%20Berrio%3A%20Ingenio%20libre\" target=\"_blank\"><img decoding=\"async\" class=\"sociable-hovers\" style=\"width: 16px; height: 16px; background: url(http:\/\/www.efeeme.com\/wp-content\/plugins\/sociable\/images\/services-sprite.png) no-repeat scroll -343px -1px transparent;\" title=\"Facebook\" src=\"http:\/\/www.efeeme.com\/wp-content\/plugins\/sociable\/images\/services-sprite.gif\" alt=\"Facebook\" \/><\/a><\/li>\n<li><a title=\"Google Bookmarks\" rel=\"nofollow\" href=\"http:\/\/www.google.com\/bookmarks\/mark?op=edit&amp;bkmk=http%3A%2F%2Fwww.efeeme.com%2F82893%2Frafael-berrio-ingenio-libre%2F&amp;title=Rafael%20Berrio%3A%20Ingenio%20libre&amp;annotation=Rafael%20Berrio%20es%20un%20secreto%20a%20voces%3A%20compositor%20e%20int%C3%A9rprete%20exquisito%2C%20se%20mueve%20en%20los%20m%C3%A1rgenes%2C%20a%20su%20aire.%20Su%20%C3%BAltima%20disco%2C%20%221971%22%2C%20es%20una%20pieza%20maestra.%20Xavier%20Vali%C3%B1o%20conversa%20con%20%C3%A9l%20en%20profundidad.\" target=\"_blank\"><img decoding=\"async\" class=\"sociable-hovers\" style=\"width: 16px; height: 16px; background: url(http:\/\/www.efeeme.com\/wp-content\/plugins\/sociable\/images\/services-sprite.png) no-repeat scroll -91px -19px transparent;\" title=\"Google Bookmarks\" src=\"http:\/\/www.efeeme.com\/wp-content\/plugins\/sociable\/images\/services-sprite.gif\" alt=\"Google Bookmarks\" \/><\/a><\/li>\n<li><a title=\"Add to favorites\" rel=\"nofollow\"><img decoding=\"async\" class=\"sociable-hovers\" style=\"width: 16px; height: 16px; background: url(http:\/\/www.efeeme.com\/wp-content\/plugins\/sociable\/images\/services-sprite.png) no-repeat scroll -181px -73px transparent;\" title=\"Add to favorites\" src=\"http:\/\/www.efeeme.com\/wp-content\/plugins\/sociable\/images\/services-sprite.gif\" alt=\"Add to favorites\" \/><\/a><\/li>\n<li><a title=\"BarraPunto\" rel=\"nofollow\" href=\"http:\/\/barrapunto.com\/submit.pl?subj=Rafael%20Berrio%3A%20Ingenio%20libre&amp;story=http%3A%2F%2Fwww.efeeme.com%2F82893%2Frafael-berrio-ingenio-libre%2F\" target=\"_blank\"><img decoding=\"async\" class=\"sociable-hovers\" style=\"width: 16px; height: 16px; background: url(http:\/\/www.efeeme.com\/wp-content\/plugins\/sociable\/images\/services-sprite.png) no-repeat scroll -1px -1px transparent;\" title=\"BarraPunto\" src=\"http:\/\/www.efeeme.com\/wp-content\/plugins\/sociable\/images\/services-sprite.gif\" alt=\"BarraPunto\" \/><\/a><\/li>\n<li><a title=\"Bitacoras.com\" rel=\"nofollow\" href=\"http:\/\/bitacoras.com\/anotaciones\/http%3A%2F%2Fwww.efeeme.com%2F82893%2Frafael-berrio-ingenio-libre%2F\" target=\"_blank\"><img decoding=\"async\" class=\"sociable-hovers\" style=\"width: 16px; height: 16px; background: url(http:\/\/www.efeeme.com\/wp-content\/plugins\/sociable\/images\/services-sprite.png) no-repeat scroll -19px -1px transparent;\" title=\"Bitacoras.com\" src=\"http:\/\/www.efeeme.com\/wp-content\/plugins\/sociable\/images\/services-sprite.gif\" alt=\"Bitacoras.com\" \/><\/a><\/li>\n<li><a title=\"Meneame\" rel=\"nofollow\" href=\"http:\/\/meneame.net\/submit.php?url=http%3A%2F%2Fwww.efeeme.com%2F82893%2Frafael-berrio-ingenio-libre%2F\" target=\"_blank\"><img decoding=\"async\" class=\"sociable-hovers\" style=\"width: 16px; height: 16px; background: url(http:\/\/www.efeeme.com\/wp-content\/plugins\/sociable\/images\/services-sprite.png) no-repeat scroll -55px -37px transparent;\" title=\"Meneame\" src=\"http:\/\/www.efeeme.com\/wp-content\/plugins\/sociable\/images\/services-sprite.gif\" alt=\"Meneame\" \/><\/a><\/li>\n<li><a title=\"MySpace\" rel=\"nofollow\" href=\"http:\/\/www.myspace.com\/Modules\/PostTo\/Pages\/?u=http%3A%2F%2Fwww.efeeme.com%2F82893%2Frafael-berrio-ingenio-libre%2F&amp;t=Rafael%20Berrio%3A%20Ingenio%20libre\" target=\"_blank\"><img decoding=\"async\" class=\"sociable-hovers\" style=\"width: 16px; height: 16px; background: url(http:\/\/www.efeeme.com\/wp-content\/plugins\/sociable\/images\/services-sprite.png) no-repeat scroll -145px -37px transparent;\" title=\"MySpace\" src=\"http:\/\/www.efeeme.com\/wp-content\/plugins\/sociable\/images\/services-sprite.gif\" alt=\"MySpace\" \/><\/a><\/li>\n<li><a title=\"N4G\" rel=\"nofollow\" href=\"http:\/\/www.n4g.com\/tips.aspx?url=http%3A%2F%2Fwww.efeeme.com%2F82893%2Frafael-berrio-ingenio-libre%2F&amp;title=Rafael%20Berrio%3A%20Ingenio%20libre\" target=\"_blank\"><img decoding=\"async\" class=\"sociable-hovers\" style=\"width: 16px; height: 16px; background: url(http:\/\/www.efeeme.com\/wp-content\/plugins\/sociable\/images\/services-sprite.png) no-repeat scroll -181px -37px transparent;\" title=\"N4G\" src=\"http:\/\/www.efeeme.com\/wp-content\/plugins\/sociable\/images\/services-sprite.gif\" alt=\"N4G\" \/><\/a><\/li>\n<li><a title=\"Twitter\" rel=\"nofollow\" href=\"http:\/\/twitter.com\/home?status=Rafael%20Berrio%3A%20Ingenio%20libre%20-%20http%3A%2F%2Fwww.efeeme.com%2F82893%2Frafael-berrio-ingenio-libre%2F\" target=\"_blank\"><img decoding=\"async\" class=\"sociable-hovers\" style=\"width: 16px; height: 16px; background: url(http:\/\/www.efeeme.com\/wp-content\/plugins\/sociable\/images\/services-sprite.png) no-repeat scroll -343px -55px transparent;\" title=\"Twitter\" src=\"http:\/\/www.efeeme.com\/wp-content\/plugins\/sociable\/images\/services-sprite.gif\" alt=\"Twitter\" \/><\/a><\/li>\n<li class=\"sociablelast\"><a title=\"Wikio\" rel=\"nofollow\" href=\"http:\/\/www.wikio.com\/vote?url=http%3A%2F%2Fwww.efeeme.com%2F82893%2Frafael-berrio-ingenio-libre%2F\" target=\"_blank\"><img decoding=\"async\" class=\"sociable-hovers\" style=\"width: 16px; height: 16px; background: url(http:\/\/www.efeeme.com\/wp-content\/plugins\/sociable\/images\/services-sprite.png) no-repeat scroll -55px -73px transparent;\" title=\"Wikio\" src=\"http:\/\/www.efeeme.com\/wp-content\/plugins\/sociable\/images\/services-sprite.gif\" alt=\"Wikio\" \/><\/a><\/li>\n<\/ul>\n<\/div>\n<p><span class=\"adLabel\">Publicidad<\/span><\/p>\n<h3 class=\"redBgTitle\">\u00daltimos comentarios<\/h3>\n<ul>\n<li>Juanjo: <a title=\"on El disco del d\u00eda: Guerrero Garc\u00eda\" href=\"http:\/\/www.efeeme.com\/82792\/el-disco-del-dia-guerrero-garcia\/#comment-7507\">Completamente de acuerdo con e<\/a><\/li>\n<li>p.: <a title=\"on El disco del d\u00eda: \" href=\"http:\/\/www.efeeme.com\/82881\/el-disco-del-dia-oi-a-nova-musica-brasileira\/#comment-7506\">Tiene muy buena pinta!<\/a><\/li>\n<li>bakea: <a title=\"on Jos\u00e9 Ignacio Lapido: Profeta en su tierra\" href=\"http:\/\/www.efeeme.com\/82786\/jose-ignacio-lapido-profeta-en-su-tierra\/#comment-7502\">Mi problema no es su voz, su v<\/a><\/li>\n<li>C\u00e9sar Prieto: <a title=\"on Libros: \" href=\"http:\/\/www.efeeme.com\/82820\/libros-nada-de-janne-teller\/#comment-7501\">No, no es dif\u00edcil, bakea. Pero<\/a><\/li>\n<li>EL TENOR: <a title=\"on El disco del d\u00eda: Sergio Makaroff\" href=\"http:\/\/www.efeeme.com\/82745\/el-disco-del-dia-sergio-makaroff\/#comment-7500\">COMO UNA BANDADA DE LOCOS LIND<\/a><\/li>\n<li>Alba Zaragoza.: <a title=\"on El disco del d\u00eda: Guerrero Garc\u00eda\" href=\"http:\/\/www.efeeme.com\/82792\/el-disco-del-dia-guerrero-garcia\/#comment-7499\">La verdad es que no he entendi<\/a><\/li>\n<li>rub\u00e9n: <a title=\"on Jos\u00e9 Ignacio Lapido: Profeta en su tierra\" href=\"http:\/\/www.efeeme.com\/82786\/jose-ignacio-lapido-profeta-en-su-tierra\/#comment-7498\">ah, y a m\u00ed me gusta m\u00e1s \u00e9l por<\/a><\/li>\n<li>rub\u00e9n: <a title=\"on Jos\u00e9 Ignacio Lapido: Profeta en su tierra\" href=\"http:\/\/www.efeeme.com\/82786\/jose-ignacio-lapido-profeta-en-su-tierra\/#comment-7497\">PARA BAKEA: carai, yo tambi\u00e9n<\/a><\/li>\n<li>Pedrosky: <a title=\"on El disco del d\u00eda: Guerrero Garc\u00eda\" href=\"http:\/\/www.efeeme.com\/82792\/el-disco-del-dia-guerrero-garcia\/#comment-7496\">Es verdad Juanfran. Lagartija <\/a><\/li>\n<li>Juanfran: <a title=\"on El disco del d\u00eda: Guerrero Garc\u00eda\" href=\"http:\/\/www.efeeme.com\/82792\/el-disco-del-dia-guerrero-garcia\/#comment-7493\">\u00bf2 genios? \u00bfY Antonio Arias?<\/a><\/li>\n<\/ul>\n<\/div>\n<div class=\"widget midSidebarWidget\" style=\"text-align: center;\">\n<h3 class=\"redBgTitle\" style=\"text-align: left;\">Archivos por tag<\/h3>\n<p><a class=\"tag-link-10\" style=\"font-size: 12.7547pt;\" title=\"433 temas\" href=\"http:\/\/www.efeeme.com\/tag\/actualidad\/\">Actualidad<\/a> <a class=\"tag-link-1474\" style=\"font-size: 10.0755pt;\" title=\"85 temas\" href=\"http:\/\/www.efeeme.com\/tag\/adrian-vogel\/\">Adrian Vogel<\/a> <a class=\"tag-link-312\" style=\"font-size: 10.717pt;\" title=\"125 temas\" href=\"http:\/\/www.efeeme.com\/tag\/andres-calamaro\/\">Andr\u00e9s Calamaro<\/a> <a class=\"tag-link-185\" style=\"font-size: 11.3208pt;\" title=\"179 temas\" href=\"http:\/\/www.efeeme.com\/tag\/argentina\/\">Argentina<\/a> <a class=\"tag-link-277\" style=\"font-size: 11.3208pt;\" title=\"180 temas\" href=\"http:\/\/www.efeeme.com\/tag\/bob-dylan\/\">Bob Dylan<\/a> <a class=\"tag-link-388\" style=\"font-size: 10.3774pt;\" title=\"102 temas\" href=\"http:\/\/www.efeeme.com\/tag\/bruce-springsteen\/\">Bruce Springsteen<\/a> <a class=\"tag-link-229\" style=\"font-size: 10.717pt;\" title=\"125 temas\" href=\"http:\/\/www.efeeme.com\/tag\/cine\/\">cine<\/a> <a class=\"tag-link-48\" style=\"font-size: 13.1321pt;\" title=\"543 temas\" href=\"http:\/\/www.efeeme.com\/tag\/conciertos-agenda\/\">Conciertos<\/a> <a class=\"tag-link-386\" style=\"font-size: 10.4528pt;\" title=\"107 temas\" href=\"http:\/\/www.efeeme.com\/tag\/cesar-prieto\/\">C\u00e9sar Prieto<\/a> <a class=\"tag-link-3768\" style=\"font-size: 10.5283pt;\" title=\"112 temas\" href=\"http:\/\/www.efeeme.com\/tag\/descargas-internacionales\/\">Descargas Internacionales<\/a> <a class=\"tag-link-1416\" style=\"font-size: 10.3396pt;\" title=\"98 temas\" href=\"http:\/\/www.efeeme.com\/tag\/diego-a-manrique\/\">Diego A. Manrique<\/a> <a class=\"tag-link-12\" style=\"font-size: 14pt;\" title=\"933 temas\" href=\"http:\/\/www.efeeme.com\/tag\/discos\/\">Discos<\/a> <a class=\"tag-link-3027\" style=\"font-size: 11.434pt;\" title=\"195 temas\" href=\"http:\/\/www.efeeme.com\/tag\/discos-espana\/\">Discos Espa\u00f1a<\/a> <a class=\"tag-link-13\" style=\"font-size: 10.3396pt;\" title=\"99 temas\" href=\"http:\/\/www.efeeme.com\/tag\/dvds\/\">DVDS<\/a> <a class=\"tag-link-634\" style=\"font-size: 10.1887pt;\" title=\"90 temas\" href=\"http:\/\/www.efeeme.com\/tag\/eduardo-guillot\/\">Eduardo Guillot<\/a> <a class=\"tag-link-39\" style=\"font-size: 12.0755pt;\" title=\"290 temas\" href=\"http:\/\/www.efeeme.com\/tag\/efemerides\/\">Efem\u00e9rides<\/a> <a class=\"tag-link-10256\" style=\"font-size: 10.0377pt;\" title=\"83 temas\" href=\"http:\/\/www.efeeme.com\/tag\/el-disco-del-dia\/\">El disco del d\u00eda<\/a> <a class=\"tag-link-2564\" style=\"font-size: 10.717pt;\" title=\"125 temas\" href=\"http:\/\/www.efeeme.com\/tag\/entrevistas-nacionales\/\">Entrevistas Nacionales<\/a> <a class=\"tag-link-63\" style=\"font-size: 12.566pt;\" title=\"387 temas\" href=\"http:\/\/www.efeeme.com\/tag\/espana\/\">Espa\u00f1a<\/a> <a class=\"tag-link-3022\" style=\"font-size: 12.1887pt;\" title=\"310 temas\" href=\"http:\/\/www.efeeme.com\/tag\/estados-unidos\/\">Estados Unidos<\/a> <a class=\"tag-link-222\" style=\"font-size: 10.8302pt;\" title=\"133 temas\" href=\"http:\/\/www.efeeme.com\/tag\/francia\/\">Francia<\/a> <a class=\"tag-link-383\" style=\"font-size: 10pt;\" title=\"81 temas\" href=\"http:\/\/www.efeeme.com\/tag\/gernot-dudda\/\">Gernot Dudda<\/a> <a class=\"tag-link-14\" style=\"font-size: 10.9811pt;\" title=\"146 temas\" href=\"http:\/\/www.efeeme.com\/tag\/industria\/\">Industria<\/a> <a class=\"tag-link-3026\" style=\"font-size: 11.7358pt;\" title=\"232 temas\" href=\"http:\/\/www.efeeme.com\/tag\/inglaterra\/\">Inglaterra<\/a> <a class=\"tag-link-7895\" style=\"font-size: 11.434pt;\" title=\"196 temas\" href=\"http:\/\/www.efeeme.com\/tag\/internacional\/\">Internacional<\/a> <a class=\"tag-link-15\" style=\"font-size: 10.8679pt;\" title=\"137 temas\" href=\"http:\/\/www.efeeme.com\/tag\/internet\/\">Internet<\/a> <a class=\"tag-link-655\" style=\"font-size: 11.5094pt;\" title=\"204 temas\" href=\"http:\/\/www.efeeme.com\/tag\/juanjo-ordas\/\">Juanjo Ord\u00e1s<\/a> <a class=\"tag-link-315\" style=\"font-size: 11.9623pt;\" title=\"267 temas\" href=\"http:\/\/www.efeeme.com\/tag\/juan-puchades\/\">Juan Puchades<\/a> <a class=\"tag-link-16\" style=\"font-size: 11.1698pt;\" title=\"166 temas\" href=\"http:\/\/www.efeeme.com\/tag\/libros\/\">Libros<\/a> <a class=\"tag-link-200\" style=\"font-size: 10.1887pt;\" title=\"91 temas\" href=\"http:\/\/www.efeeme.com\/tag\/michael-jackson\/\">Michael Jackson<\/a> <a class=\"tag-link-17\" style=\"font-size: 11.9245pt;\" title=\"260 temas\" href=\"http:\/\/www.efeeme.com\/tag\/obituarios\/\">Obituarios<\/a> <a class=\"tag-link-44\" style=\"font-size: 10.1887pt;\" title=\"90 temas\" href=\"http:\/\/www.efeeme.com\/tag\/operacion-rescate\/\">Operaci\u00f3n rescate<\/a> <a class=\"tag-link-60\" style=\"font-size: 10.3019pt;\" title=\"96 temas\" href=\"http:\/\/www.efeeme.com\/tag\/paul-mccartney\/\">Paul McCartney<\/a> <a class=\"tag-link-3025\" style=\"font-size: 10.0755pt;\" title=\"85 temas\" href=\"http:\/\/www.efeeme.com\/tag\/portadas\/\">Portadas<\/a> <a class=\"tag-link-18\" style=\"font-size: 11.3962pt;\" title=\"190 temas\" href=\"http:\/\/www.efeeme.com\/tag\/recopilatorios\/\">Recopilatorios<\/a> <a class=\"tag-link-19\" style=\"font-size: 11.4717pt;\" title=\"198 temas\" href=\"http:\/\/www.efeeme.com\/tag\/reediciones\/\">Reediciones<\/a> <a class=\"tag-link-3024\" style=\"font-size: 11.8868pt;\" title=\"254 temas\" href=\"http:\/\/www.efeeme.com\/tag\/singles\/\">Singles<\/a> <a class=\"tag-link-4832\" style=\"font-size: 11.3962pt;\" title=\"190 temas\" href=\"http:\/\/www.efeeme.com\/tag\/sociedad-pop\/\">Sociedad Pop<\/a> <a class=\"tag-link-299\" style=\"font-size: 11.283pt;\" title=\"177 temas\" href=\"http:\/\/www.efeeme.com\/tag\/the-beatles\/\">The Beatles<\/a> <a class=\"tag-link-208\" style=\"font-size: 10.566pt;\" title=\"115 temas\" href=\"http:\/\/www.efeeme.com\/tag\/the-rolling-stones\/\">The Rolling Stones<\/a> <a class=\"tag-link-1890\" style=\"font-size: 10.1509pt;\" title=\"88 temas\" href=\"http:\/\/www.efeeme.com\/tag\/vicente-fabuel\/\">Vicente Fabuel<\/a> <a class=\"tag-link-9\" style=\"font-size: 13.3962pt;\" title=\"650 temas\" href=\"http:\/\/www.efeeme.com\/tag\/videos\/\">Videos<\/a> <a class=\"tag-link-23\" style=\"font-size: 11.2453pt;\" title=\"172 temas\" href=\"http:\/\/www.efeeme.com\/tag\/vinilos\/\">Vinilos<\/a> <a class=\"tag-link-36\" style=\"font-size: 10.8302pt;\" title=\"135 temas\" href=\"http:\/\/www.efeeme.com\/tag\/que-sabes-de-musica-popular\/\">\u00bfQu\u00e9 sabes de m\u00fasica popular?<\/a> <a class=\"tag-link-385\" style=\"font-size: 10.8679pt;\" title=\"138 temas\" href=\"http:\/\/www.efeeme.com\/tag\/alex-oro\/\">\u00c0lex Or\u00f3<\/a><\/p>\n<\/div>\n<div class=\"widget midSidebarWidget\">\n<h3 class=\"redBgTitle\">\u00daltimas noticias<\/h3>\n<ul>\n<li><a title=\"\u201cAp\u00fantame a m\u00ed primero\u201d, nuevo EP de Tachenko\" href=\"http:\/\/www.efeeme.com\/82889\/apuntame-a-mi-primero-nuevo-ep-de-tachenko\/\">\u201cAp\u00fantame a m\u00ed primero\u201d, nuevo EP de Tachenko<\/a><\/li>\n<li><a title=\"Muere el guitarrista de blues Lacy Gibson\" href=\"http:\/\/www.efeeme.com\/82909\/muere-el-guitarrista-de-blues-lacy-gibson\/\">Muere el guitarrista de blues Lacy Gibson<\/a><\/li>\n<li><a title=\"Gran subasta de EMI para ayudar a Jap\u00f3n\" href=\"http:\/\/www.efeeme.com\/82895\/gran-subasta-de-emi-para-ayudar-a-japon\/\">Gran subasta de EMI para ayudar a Jap\u00f3n<\/a><\/li>\n<li><a title=\"El disco del d\u00eda: \u201cOi! A nova musica brasileira!\u201d\" href=\"http:\/\/www.efeeme.com\/82881\/el-disco-del-dia-oi-a-nova-musica-brasileira\/\">El disco del d\u00eda: \u201cOi! A nova musica brasileira!\u201d<\/a><\/li>\n<li><a title=\"El exgobernador de Florida se disculpa por utilizar una canci\u00f3n de David Byrne\" href=\"http:\/\/www.efeeme.com\/82855\/el-exgobernador-de-florida-se-disculpa-por-utilizar-una-cancion-de-david-byrne\/\">El exgobernador de Florida se disculpa por utilizar una canci\u00f3n de David Byrne<\/a><\/li>\n<li><a title=\"Libros: \u201cUn traidor como los nuestros\u201d, de John Le Carr\u00e9\" href=\"http:\/\/www.efeeme.com\/82891\/libros-un-traidor-como-los-nuestros-de-john-le-carre\/\">Libros: \u201cUn traidor como los nuestros\u201d, de John Le Carr\u00e9<\/a><\/li>\n<li><a title=\"Benicio del Toro va a hacer abuelo a Rod Stewart\" href=\"http:\/\/www.efeeme.com\/82847\/benicio-del-toro-va-a-hacer-abuelo-a-rod-stewart\/\">Benicio del Toro va a hacer abuelo a Rod Stewart<\/a><\/li>\n<li><a title=\"Ni\u00f1os Mutantes, en vinilo para el D\u00eda de la Tienda de Discos\" href=\"http:\/\/www.efeeme.com\/82900\/ninos-mutantes-en-vinilo-para-el-dia-de-la-tienda-de-discos\/\">Ni\u00f1os Mutantes, en vinilo para el D\u00eda de la Tienda de Discos<\/a><\/li>\n<li><a title=\"Jane\u2019s Addiction regalan un adelanto de su pr\u00f3ximo \u00e1lbum\" href=\"http:\/\/www.efeeme.com\/82796\/janes-addiction-regalan-una-adelanto-de-su-proximo-album\/\">Jane\u2019s Addiction regalan un adelanto de su pr\u00f3ximo \u00e1lbum<\/a><\/li>\n<li><a title=\"Offspring, cabeza de cartel del Festival en Vivo de Getafe\" href=\"http:\/\/www.efeeme.com\/82898\/offspring-cabeza-de-cartel-del-festival-en-vivo-de-getafe\/\">Offspring, cabeza de cartel del Festival en Vivo de Getafe<\/a><\/li>\n<\/ul>\n<\/div>\n<\/div>\n<\/div>\n<\/div>\n","protected":false},"excerpt":{"rendered":"<p>El insigne Rafael Berrio ha sido entrevistado por la revista EFE EME para deleite de sus seguidores (los del autor y el magazine) y ha aumentado la leyenda comunicativa del donostiarra, capaz de convertir\u00a0 &#8211; no es el caso- un fanzine de extraradio en el Cahiers Du Cinema con solo abrir la boca o pulsar &#8230; <a title=\"Rafael Berrio en la revista EFE EME\" class=\"read-more\" href=\"https:\/\/www.loveof74.es\/weblog\/cultura\/musica\/rafael-berrio-en-la-revista-efe-eme\/\" aria-label=\"M\u00e1s en Rafael Berrio en la revista EFE EME\">Leer m\u00e1s<\/a><\/p>\n","protected":false},"author":1,"featured_media":0,"comment_status":"open","ping_status":"open","sticky":false,"template":"","format":"standard","meta":{"om_disable_all_campaigns":false,"_mi_skip_tracking":false},"categories":[3],"tags":[],"aioseo_notices":[],"views":5451,"_links":{"self":[{"href":"https:\/\/www.loveof74.es\/weblog\/wp-json\/wp\/v2\/posts\/5215"}],"collection":[{"href":"https:\/\/www.loveof74.es\/weblog\/wp-json\/wp\/v2\/posts"}],"about":[{"href":"https:\/\/www.loveof74.es\/weblog\/wp-json\/wp\/v2\/types\/post"}],"author":[{"embeddable":true,"href":"https:\/\/www.loveof74.es\/weblog\/wp-json\/wp\/v2\/users\/1"}],"replies":[{"embeddable":true,"href":"https:\/\/www.loveof74.es\/weblog\/wp-json\/wp\/v2\/comments?post=5215"}],"version-history":[{"count":8,"href":"https:\/\/www.loveof74.es\/weblog\/wp-json\/wp\/v2\/posts\/5215\/revisions"}],"predecessor-version":[{"id":5217,"href":"https:\/\/www.loveof74.es\/weblog\/wp-json\/wp\/v2\/posts\/5215\/revisions\/5217"}],"wp:attachment":[{"href":"https:\/\/www.loveof74.es\/weblog\/wp-json\/wp\/v2\/media?parent=5215"}],"wp:term":[{"taxonomy":"category","embeddable":true,"href":"https:\/\/www.loveof74.es\/weblog\/wp-json\/wp\/v2\/categories?post=5215"},{"taxonomy":"post_tag","embeddable":true,"href":"https:\/\/www.loveof74.es\/weblog\/wp-json\/wp\/v2\/tags?post=5215"}],"curies":[{"name":"wp","href":"https:\/\/api.w.org\/{rel}","templated":true}]}}