{"id":33,"date":"2007-12-18T23:03:05","date_gmt":"2007-12-18T22:03:05","guid":{"rendered":"http:\/\/www.loveof74.es\/weblog\/2007\/12\/18\/canon-and-canon-is\/"},"modified":"2007-12-19T12:56:10","modified_gmt":"2007-12-19T11:56:10","slug":"canon-and-canon-is","status":"publish","type":"post","link":"https:\/\/www.loveof74.es\/weblog\/cultura\/canon-and-canon-is\/","title":{"rendered":"Canon and canon is. Loveof74 se suma a la protesta contra el can\u00f3n."},"content":{"rendered":"<p>Tan terrible como clarividente <strong><a href=\"http:\/\/blogs.publico.es\/dominiopublico\/184\/el-canon-la-nueva-marbella-de-la-propiedad-intelectual\/\" title=\"P\u00fablico. Canon digital\" target=\"_blank\">el art\u00edculo del Diario P\u00fablico<\/a><\/strong> (por cierto, que del resto no hay m\u00e1s noticias que las de las agencias de prensa, que no se suelen caracterizar por pensar) sobre el dichoso <strong><a href=\"http:\/\/www.20minutos.es\/noticia\/323469\/0\/cd\/canon\/movil\/\" title=\"canon digital.\" target=\"_blank\">canon<\/a> <a href=\"http:\/\/www.libertaddigital.com\/noticias\/kw\/canon\/canon_digital\/sgae\/kw\/noticia_1276319847.html\" title=\"La SGAE advierte al PP de que los creadores tomar\u00e1n \" target=\"_blank\"> reci\u00e9n <\/a><\/strong> <strong><a href=\"http:\/\/www.eleconomista.es\/otros-sectores\/noticias\/332687\/12\/07\/Espana-paga-mas-que-nadie-el-20-del-canon-digital-europeo-es-de-la-SGAE.html\" title=\"Espa\u00f1a paga m\u00e1s que nadie... el 20% del canon digital europeo es de la SGAE\" target=\"_blank\">aprobado<\/a><\/strong>.<\/p>\n<p>Largo el texto de P\u00fablico, pero como para ense\u00f1arlo en las escuelas.<\/p>\n<p>El extracto final:<\/p>\n<blockquote><p>Como conclusi\u00f3n: el Gobierno impone un canon que se satisface por todas las administraciones p\u00fablicas; el Ministerio de Cultura oculta el importe que el Estado pagar\u00e1 del canon; las entidades de gesti\u00f3n no est\u00e1n controladas y sus auditor\u00edas no reparan en el muestreo, que es la clave del reparto. Hora es ya de exigir transparencia.<\/p><\/blockquote>\n<p>Hay que decirlo m\u00e1s&#8230;<\/p>\n<p>PD: Nuestro <strong><a href=\"http:\/\/blogs.diariovasco.com\/index.php\/eljukebox\/2007\/12\/19\/el_canon_digital_copia_minority_report\" title=\"Jukebox\" target=\"_blank\">Moyano<\/a><\/strong> se pronuncia (en los mundos paralelos) sobre el tema. Lo de \u00abcon acierto\u00bb no lo digo m\u00e1s ya, \u00bfvale? Ser\u00eda una reiteraci\u00f3n. M\u00e1s opiniones: <strong><a href=\"http:\/\/elblogdelcapi.wordpress.com\/2007\/12\/18\/the-canon-my-friend-is-blowing-in-the-wind\/\" title=\"canon\" target=\"_blank\">Javier Capit\u00e1n<\/a><\/strong>,  <a href=\"http:\/\/www.publico.es\/029457\/politicos\/canon\/copia\/privada\" title=\"david bravo\" target=\"_blank\"><strong>David Bravo<\/strong><\/a>,  <strong><a href=\"http:\/\/blogs.20minutos.es\/retiario\/post\/2007\/12\/17\/quitar-canon-es-suficiente\" title=\"canon\" target=\"_blank\">Pepe Cervera<\/a>,  <a href=\"http:\/\/www.enriquedans.com\/2007\/12\/canon-seamos-serios-en-la-argumentacion.html\" title=\"enrique dans\" target=\"_blank\"> seamos serios en la argumentaci\u00f3n <\/a><\/strong> o <strong><a href=\"http:\/\/www.enriquedans.com\/2007\/12\/el-canon-la-negacion-y-las-falacias-de-los-artistas.html\" title=\"canon\" target=\"_blank\">El canon, la negaci\u00f3n y las falacias de los \u201cartistas\u201d<\/a><\/strong> de Enrique Dans<\/p>\n","protected":false},"excerpt":{"rendered":"<p>Tan terrible como clarividente el art\u00edculo del Diario P\u00fablico (por cierto, que del resto no hay m\u00e1s noticias que las de las agencias de prensa, que no se suelen caracterizar por pensar) sobre el dichoso canon reci\u00e9n aprobado. Largo el texto de P\u00fablico, pero como para ense\u00f1arlo en las escuelas. El extracto final: Como conclusi\u00f3n: &#8230; <a title=\"Canon and canon is. Loveof74 se suma a la protesta contra el can\u00f3n.\" class=\"read-more\" href=\"https:\/\/www.loveof74.es\/weblog\/cultura\/canon-and-canon-is\/\" aria-label=\"M\u00e1s en Canon and canon is. Loveof74 se suma a la protesta contra el can\u00f3n.\">Leer m\u00e1s<\/a><\/p>\n","protected":false},"author":1,"featured_media":0,"comment_status":"open","ping_status":"open","sticky":false,"template":"","format":"standard","meta":{"om_disable_all_campaigns":false,"_mi_skip_tracking":false},"categories":[82,78],"tags":[99,100],"aioseo_notices":[],"views":3732,"_links":{"self":[{"href":"https:\/\/www.loveof74.es\/weblog\/wp-json\/wp\/v2\/posts\/33"}],"collection":[{"href":"https:\/\/www.loveof74.es\/weblog\/wp-json\/wp\/v2\/posts"}],"about":[{"href":"https:\/\/www.loveof74.es\/weblog\/wp-json\/wp\/v2\/types\/post"}],"author":[{"embeddable":true,"href":"https:\/\/www.loveof74.es\/weblog\/wp-json\/wp\/v2\/users\/1"}],"replies":[{"embeddable":true,"href":"https:\/\/www.loveof74.es\/weblog\/wp-json\/wp\/v2\/comments?post=33"}],"version-history":[{"count":0,"href":"https:\/\/www.loveof74.es\/weblog\/wp-json\/wp\/v2\/posts\/33\/revisions"}],"wp:attachment":[{"href":"https:\/\/www.loveof74.es\/weblog\/wp-json\/wp\/v2\/media?parent=33"}],"wp:term":[{"taxonomy":"category","embeddable":true,"href":"https:\/\/www.loveof74.es\/weblog\/wp-json\/wp\/v2\/categories?post=33"},{"taxonomy":"post_tag","embeddable":true,"href":"https:\/\/www.loveof74.es\/weblog\/wp-json\/wp\/v2\/tags?post=33"}],"curies":[{"name":"wp","href":"https:\/\/api.w.org\/{rel}","templated":true}]}}