{"id":2033,"date":"2009-10-30T09:06:28","date_gmt":"2009-10-30T08:06:28","guid":{"rendered":"http:\/\/www.loveof74.es\/weblog\/?p=2033"},"modified":"2009-10-30T09:09:21","modified_gmt":"2009-10-30T08:09:21","slug":"el-verano-2009-de-los-primo","status":"publish","type":"post","link":"https:\/\/www.loveof74.es\/weblog\/cultura\/el-verano-2009-de-los-primo\/","title":{"rendered":"El Verano 2009 de los Primo"},"content":{"rendered":"<p><img decoding=\"async\" loading=\"lazy\" class=\"alignright\" style=\"margin: 12px;\" src=\"http:\/\/www.cosasprimo.com\/storage\/casa\/dibus_2.jpg?__SQUARESPACE_CACHEVERSION=1256767538174\" alt=\"\" width=\"238\" height=\"304\" \/>La gente del colectivo<strong> <a href=\"http:\/\/www.cosasprimo.com\" target=\"_blank\">Primo <\/a><\/strong>nos informa que acaban de editar un<strong> <a href=\"http:\/\/es.wikipedia.org\/wiki\/Fanzine\" target=\"_blank\">fanzine<\/a> <\/strong>con <span title=\"tag\">dibujos<\/span> de un de sus miembros (Jorge Primo) bajo el t\u00edtulo \u00ab<span title=\"tag\">Verano 2009<\/span>\u00ab.<\/p>\n<p>Una recopilaci\u00f3n de dibujos hechos durante el pasado mes de septiembre acerca del verano que ya estaba acabando. 28 dibujos que reflejan situaciones, ideas y tonter\u00edas de este verano tan maravilloso que hemos tenido y que tantos d\u00edas de playa y buen tiempo nos ha regalado. Es su forma de que quede para el recuerdo, como agradecimiento.<\/p>\n<p>Han hecho una tirada m\u00ednima de 28 ejemplares que puedes conseguir en <strong><a href=\"http:\/\/www.cosasprimo.com\/tienda\/\" target=\"_blank\">su tienda online<\/a><\/strong> por el precio de 5 euros (gastos de env\u00edo inclu\u00eddos). Todos est\u00e1n firmados y numerados: Cubierta en papel kraft e interior en papel reciclado. Todos los dibujos son en blanco y negro.<\/p>\n<p>Por cierto, que su pr\u00f3xima \u00abPaga Extra\u00bb se la dedicar\u00e1n al gran dise\u00f1ador mascarpone\u00a0 <strong><a href=\"http:\/\/www.cosasprimo.com\/casa\/morning-magazine-2.html\" target=\"_blank\">Iker Spozio<\/a><\/strong><\/p>\n","protected":false},"excerpt":{"rendered":"<p>La gente del colectivo Primo nos informa que acaban de editar un fanzine con dibujos de un de sus miembros (Jorge Primo) bajo el t\u00edtulo \u00abVerano 2009\u00ab. Una recopilaci\u00f3n de dibujos hechos durante el pasado mes de septiembre acerca del verano que ya estaba acabando. 28 dibujos que reflejan situaciones, ideas y tonter\u00edas de este &#8230; <a title=\"El Verano 2009 de los Primo\" class=\"read-more\" href=\"https:\/\/www.loveof74.es\/weblog\/cultura\/el-verano-2009-de-los-primo\/\" aria-label=\"M\u00e1s en El Verano 2009 de los Primo\">Leer m\u00e1s<\/a><\/p>\n","protected":false},"author":1,"featured_media":0,"comment_status":"open","ping_status":"open","sticky":false,"template":"","format":"standard","meta":{"om_disable_all_campaigns":false,"_mi_skip_tracking":false},"categories":[78],"tags":[],"aioseo_notices":[],"views":5102,"_links":{"self":[{"href":"https:\/\/www.loveof74.es\/weblog\/wp-json\/wp\/v2\/posts\/2033"}],"collection":[{"href":"https:\/\/www.loveof74.es\/weblog\/wp-json\/wp\/v2\/posts"}],"about":[{"href":"https:\/\/www.loveof74.es\/weblog\/wp-json\/wp\/v2\/types\/post"}],"author":[{"embeddable":true,"href":"https:\/\/www.loveof74.es\/weblog\/wp-json\/wp\/v2\/users\/1"}],"replies":[{"embeddable":true,"href":"https:\/\/www.loveof74.es\/weblog\/wp-json\/wp\/v2\/comments?post=2033"}],"version-history":[{"count":4,"href":"https:\/\/www.loveof74.es\/weblog\/wp-json\/wp\/v2\/posts\/2033\/revisions"}],"predecessor-version":[{"id":2035,"href":"https:\/\/www.loveof74.es\/weblog\/wp-json\/wp\/v2\/posts\/2033\/revisions\/2035"}],"wp:attachment":[{"href":"https:\/\/www.loveof74.es\/weblog\/wp-json\/wp\/v2\/media?parent=2033"}],"wp:term":[{"taxonomy":"category","embeddable":true,"href":"https:\/\/www.loveof74.es\/weblog\/wp-json\/wp\/v2\/categories?post=2033"},{"taxonomy":"post_tag","embeddable":true,"href":"https:\/\/www.loveof74.es\/weblog\/wp-json\/wp\/v2\/tags?post=2033"}],"curies":[{"name":"wp","href":"https:\/\/api.w.org\/{rel}","templated":true}]}}