{"id":10901,"date":"2023-04-25T13:35:10","date_gmt":"2023-04-25T12:35:10","guid":{"rendered":"http:\/\/www.loveof74.es\/weblog\/?p=10901"},"modified":"2023-05-12T12:10:46","modified_gmt":"2023-05-12T11:10:46","slug":"cuevas-que-dan-luz","status":"publish","type":"post","link":"https:\/\/www.loveof74.es\/weblog\/cultura\/musica\/cuevas-que-dan-luz\/","title":{"rendered":"Cuevas que dan luz"},"content":{"rendered":"\n<figure class=\"wp-block-image\"><img decoding=\"async\" src=\"https:\/\/e00-marca.uecdn.es\/assets\/multimedia\/imagenes\/2023\/04\/23\/16822856860206.jpg\" alt=\"\"\/><\/figure>\n\n\n\n<p>Es imposible no caer rendido ante Rodrigo Cuevas. Unos tras sus primeros strip-folks. Otros con la gira de bares. Otros con las programaciones teatrales. Otros gracias a sus colaboraciones. Otros con<a href=\"https:\/\/www.youtube.com\/watch?v=3dmbGnKUS54\"><strong> los conciertos<\/strong><\/a> a los que les llevan y salen, todos, todas, todes (\u00bffijasteis que el asturiano es el idioma m\u00e1s inclusivo por definici\u00f3n?) flipando. Esto no es una carrera, todo el mundo es bienvenido en el peque\u00f1o gran mundo del asturiano universal \u2013 con permiso de V\u00edctor Manuel-.<\/p>\n\n\n\n<p>Ahora ha sido el protagonista de un reportaje largo y extenso en la televisi\u00f3n. Merecido y necesario. Quiz\u00e1s demasiado rebuscado, viendo el perfil de los anteriormente entrevistados. Pero imprescindible para todes, los viejos fans y los que vendr\u00e1n ahora.  <\/p>\n\n\n\n<p>Uno han descubierto y otros confirmado que las respuestas sencillas y razonadas, las tranquilas, son las m\u00e1s efectivas. Las que m\u00e1s desarbolan los bosques de cerraz\u00f3n. Siempre con una sonrisa, Rodrigo Cuevas confirma sus amores por los pueblos con frases lapidarias: \u201c<em>La administraci\u00f3n quiere combatir la Espa\u00f1a Vaciada con infraestructuras, pero en este pueblo viv\u00eda m\u00e1s gente cuando no hab\u00eda una buena carretera<\/em>\u201d.<\/p>\n\n\n\n<p>Cuevas habla de cuando le obligaron a vivir en una, como bien suele explicar en sus conciertos, siendo mozalbete y teniendo que reprimirse. De c\u00f3mo todo giraba alrededor del acusador. De sus comienzos, del pueblo en el que no hab\u00eda Bullying, de aquel curso de pandero con Eliseo Parra y de todo lo bueno que le ha dado echar la oreja a los mayores y escucharles entonar. Y disfrutar de su punto de vista abierto, sin complejos ni prejuicios. <\/p>\n\n\n\n<p>Agradecido a los ascendientes y descendientes, ahora quiere reinvertir tanta ense\u00f1anza <a href=\"https:\/\/www.goteo.org\/project\/la-benefica\"><strong>rehabilitando La Ben\u00e9fica<\/strong><\/a>. \u201c<em>La diversi\u00f3n es el atractivo de los pueblos<\/em>\u201d, dir\u00eda, o algo similar, en otra parte del programa, iluminando la imagen l\u00fagubre que nos llega de lo rural a nuestros m\u00f3viles.<\/p>\n\n\n\n<p>El programa acerca a un Rodrigo tranquilo, m\u00e1s comedido que en las actuaciones sobre el escenario \u2013 aqu\u00ed son 90 minutos, all\u00ed fueron tres d\u00edas-, con las ideas tan claras como siempre. Cantando y bailando en el bar del pueblo rodeado de gente que disfruta de esa reuni\u00f3n abierta.  <\/p>\n\n\n\n<p>Le escuchas con una sonrisa, atiendes cuando est\u00e1 haciendo un tema basado en un canto de una se\u00f1ora mayor, te emocionas cuando suena un extracto de \u201c<a href=\"https:\/\/www.youtube.com\/watch?v=O82pIS2-vVU\"><strong>Rambal\u00edn<\/strong><\/a>\u201d, te obnubilas ante los trajes que gasta, le das la raz\u00f3n cuando te dice que no sabes ser gal\u00e1n ni rondar como se debe. Y le pega a las libertades que otro entrevistado en otro cap\u00edtulo defendi\u00f3 mejores en plena dictadura o a finales de la misma. La cara de Dolph Lundgren del entrevistador a\u00fan se agita en mi iris, pero aqu\u00ed no hemos venido a enfrentar ni a criticar. Solo a defender que ojal\u00e1 hubiera m\u00e1s Rodrigo Cuevas en nuestras vidas. Y que si pasa por tu zona vayas a verle. Te lo agradeceremos todes.<\/p>\n","protected":false},"excerpt":{"rendered":"<p>Es imposible no caer rendido ante Rodrigo Cuevas. Unos tras sus primeros strip-folks. Otros con la gira de bares. Otros con las programaciones teatrales. Otros gracias a sus colaboraciones. Otros con los conciertos a los que les llevan y salen, todos, todas, todes (\u00bffijasteis que el asturiano es el idioma m\u00e1s inclusivo por definici\u00f3n?) flipando. &#8230; <a title=\"Cuevas que dan luz\" class=\"read-more\" href=\"https:\/\/www.loveof74.es\/weblog\/cultura\/musica\/cuevas-que-dan-luz\/\" aria-label=\"M\u00e1s en Cuevas que dan luz\">Leer m\u00e1s<\/a><\/p>\n","protected":false},"author":1,"featured_media":0,"comment_status":"open","ping_status":"open","sticky":false,"template":"","format":"standard","meta":{"om_disable_all_campaigns":false,"_mi_skip_tracking":false},"categories":[78,3,47],"tags":[],"aioseo_notices":[],"views":11036,"_links":{"self":[{"href":"https:\/\/www.loveof74.es\/weblog\/wp-json\/wp\/v2\/posts\/10901"}],"collection":[{"href":"https:\/\/www.loveof74.es\/weblog\/wp-json\/wp\/v2\/posts"}],"about":[{"href":"https:\/\/www.loveof74.es\/weblog\/wp-json\/wp\/v2\/types\/post"}],"author":[{"embeddable":true,"href":"https:\/\/www.loveof74.es\/weblog\/wp-json\/wp\/v2\/users\/1"}],"replies":[{"embeddable":true,"href":"https:\/\/www.loveof74.es\/weblog\/wp-json\/wp\/v2\/comments?post=10901"}],"version-history":[{"count":4,"href":"https:\/\/www.loveof74.es\/weblog\/wp-json\/wp\/v2\/posts\/10901\/revisions"}],"predecessor-version":[{"id":10905,"href":"https:\/\/www.loveof74.es\/weblog\/wp-json\/wp\/v2\/posts\/10901\/revisions\/10905"}],"wp:attachment":[{"href":"https:\/\/www.loveof74.es\/weblog\/wp-json\/wp\/v2\/media?parent=10901"}],"wp:term":[{"taxonomy":"category","embeddable":true,"href":"https:\/\/www.loveof74.es\/weblog\/wp-json\/wp\/v2\/categories?post=10901"},{"taxonomy":"post_tag","embeddable":true,"href":"https:\/\/www.loveof74.es\/weblog\/wp-json\/wp\/v2\/tags?post=10901"}],"curies":[{"name":"wp","href":"https:\/\/api.w.org\/{rel}","templated":true}]}}