{"id":10791,"date":"2023-03-31T07:22:40","date_gmt":"2023-03-31T06:22:40","guid":{"rendered":"http:\/\/www.loveof74.es\/weblog\/?p=10791"},"modified":"2023-05-12T12:10:46","modified_gmt":"2023-05-12T11:10:46","slug":"con-buena-letra-en-donostia","status":"publish","type":"post","link":"https:\/\/www.loveof74.es\/weblog\/cultura\/musica\/con-buena-letra-en-donostia\/","title":{"rendered":"Con buena letra en Donostia"},"content":{"rendered":"\n<p> Como en las estaciones grandes de tren, hay unos que salen y otros que llegan. Unos trenes salieron hace tiempo, pero a\u00fan queda la electricidad est\u00e1tica y la l\u00e1grima por la marcha. Tres a\u00f1os sin Rafael Berrio, que se fue sigilosamente. Ya es parte de nuestro In Memoriam, ya sea de uso personal<\/p>\n\n\n\n<figure class=\"wp-block-embed-youtube wp-block-embed is-type-video is-provider-youtube wp-embed-aspect-4-3 wp-has-aspect-ratio\"><div class=\"wp-block-embed__wrapper\">\n<iframe loading=\"lazy\" title=\"Rafa Berrio - In memoriam\" width=\"1200\" height=\"900\" src=\"https:\/\/www.youtube.com\/embed\/zO5kZcF8ET0?feature=oembed\" frameborder=\"0\" allow=\"accelerometer; autoplay; clipboard-write; encrypted-media; gyroscope; picture-in-picture; web-share\" allowfullscreen><\/iframe>\n<\/div><\/figure>\n\n\n\n<p>o de <a href=\"https:\/\/www.eitb.eus\/es\/nahieran\/cultura\/oholtzan\/rafa-berrio-in-memoriam\/detalle\/3395\/190759\/ \"><strong>recuerdo colectivo maravilloso.<\/strong><\/a> A\u00fan cuesta un poco poner un disco. O no esperarle en un escenario. No te digo ya<strong> <a href=\"http:\/\/www.loveof74.es\/weblog\/cultura\/musica\/escuchando-y-viendo-nino-futuro\/ \">verle en movimiento<\/a>. <\/strong>A\u00fan cuesta su sonrisa. Sus boutades. Su fina iron\u00eda. Su arte irrepetible con el boli en la mano. <a href=\"https:\/\/www.elcorreo.com\/culturas\/rafael-berrio-exposicion-20210331191512-nt.html\"><strong>Su gu\u00eda<\/strong><\/a>, la meta de muchos de nosotros, que solo rasc\u00e1bamos un poco y ya nos sent\u00edamos dioses.  <\/p>\n\n\n\n<figure class=\"wp-block-embed-twitter wp-block-embed is-type-rich is-provider-twitter\"><div class=\"wp-block-embed__wrapper\">\n<blockquote class=\"twitter-tweet\" data-width=\"550\" data-dnt=\"true\"><p lang=\"es\" dir=\"ltr\">&quot;Hasta que llegaba \u00e9l&quot;, una de las peque\u00f1as y vol\u00e1tiles canciones que aportamos al gran homenaje a Berrio en Bukowski hace unos d\u00edas. Gracias Jabi Jaspi. + Info: <a href=\"https:\/\/t.co\/ptAbD0tehd\">https:\/\/t.co\/ptAbD0tehd<\/a> <a href=\"https:\/\/t.co\/yvIw7SrGiY\">pic.twitter.com\/yvIw7SrGiY<\/a><\/p>&mdash; Giorgio B de&#8230; (@Bassmatti) <a href=\"https:\/\/twitter.com\/Bassmatti\/status\/1390204480407359491?ref_src=twsrc%5Etfw\">May 6, 2021<\/a><\/blockquote><script async src=\"https:\/\/platform.twitter.com\/widgets.js\" charset=\"utf-8\"><\/script>\n<\/div><\/figure>\n\n\n\n<figure class=\"wp-block-embed-twitter wp-block-embed is-type-rich is-provider-twitter\"><div class=\"wp-block-embed__wrapper\">\n<blockquote class=\"twitter-tweet\" data-width=\"550\" data-dnt=\"true\"><p lang=\"es\" dir=\"ltr\">Farr\u00f3n anoche? te emborrachaste de libertad y hoy te duele un poco el confinamiento de la cabeza? nada mejor que &quot;El que no ama&quot;, versi\u00f3n que <a href=\"https:\/\/twitter.com\/Rumano_?ref_src=twsrc%5Etfw\">@Rumano_<\/a><br> y yo hicimos de un poema de Rafael Berrio. <a href=\"https:\/\/t.co\/4mX0co3QEf\">https:\/\/t.co\/4mX0co3QEf<\/a> <a href=\"https:\/\/t.co\/8QTPkkmpKm\">pic.twitter.com\/8QTPkkmpKm<\/a><\/p>&mdash; Giorgio B de&#8230; (@Bassmatti) <a href=\"https:\/\/twitter.com\/Bassmatti\/status\/1391273528931069952?ref_src=twsrc%5Etfw\">May 9, 2021<\/a><\/blockquote><script async src=\"https:\/\/platform.twitter.com\/widgets.js\" charset=\"utf-8\"><\/script>\n<\/div><\/figure>\n\n\n\n<hr>\n\n\n\n<iframe style=\"border: 0; width: 100%; height: 120px;\" src=\"https:\/\/bandcamp.com\/EmbeddedPlayer\/track=4044587048\/size=large\/bgcol=ffffff\/linkcol=0687f5\/tracklist=false\/artwork=small\/transparent=true\/\" seamless=\"\"><a href=\"https:\/\/amamusica.bandcamp.com\/track\/esa-ceja-partida-2\">Esa ceja partida by AMA<\/a><\/iframe>\n\n\n\n<p>Pero el mensaje de \u00abpronto har\u00e1 su entrada en la estaci\u00f3n el tren procedente de&#8230;\u00bb nos aparta de la nostalgia y la amargura. Porque <a href=\"https:\/\/amamusica.bandcamp.com\/track\/esa-ceja-partida-2\"><strong>AMA presenta nueva canci\u00f3n del nuevo disco de la nueva alegr\u00eda<\/strong><\/a> de ser contempor\u00e1neos. Una maravilla sonora en la que vuelve a destacar la parte escrita, ese bajo ensuciado y ritmo trot\u00f3n a medio tiempo que te envuelve cual tornado y te eleva hasta gritar solo en mitad de la calle, de la avenida o del bar: \u00abViva el pop\u00bb. <\/p>\n\n\n\n<hr>\n\n\n\n<figure><iframe loading=\"lazy\" src=\"https:\/\/open.spotify.com\/embed\/track\/3BwoU3SKvNU901IEIJuaU4?utm_source=generator\" width=\"100%\" height=\"352\" allowfullscreen=\"\"><\/iframe><\/figure>\n\n\n\n<p>Y por si esto no fuera suficiente, Tus Padres lanza el segundo single de su reci\u00e9n iniciada carrera. Jon Martija y Havoc, tanto monta y monta tanto, lanzando una delicia sonora calmada pero no quieta que sabe espabilar en el \u00edmpetu. \u00bfQuiz\u00e1s en el espacio entre los grupos nombrados en este post? Da igual, Donostia,  la que tanto nos gusta, la \u00fanica que nos gusta, busca reponerse a las ausencias con muchos rayos de esperanza y felicidad. Disfrutemos del ni\u00f1o futuro mientras entornamos el brillo de su ausencia<\/p>\n","protected":false},"excerpt":{"rendered":"<p>Como en las estaciones grandes de tren, hay unos que salen y otros que llegan. Unos trenes salieron hace tiempo, pero a\u00fan queda la electricidad est\u00e1tica y la l\u00e1grima por la marcha. Tres a\u00f1os sin Rafael Berrio, que se fue sigilosamente. Ya es parte de nuestro In Memoriam, ya sea de uso personal o de &#8230; <a title=\"Con buena letra en Donostia\" class=\"read-more\" href=\"https:\/\/www.loveof74.es\/weblog\/cultura\/musica\/con-buena-letra-en-donostia\/\" aria-label=\"M\u00e1s en Con buena letra en Donostia\">Leer m\u00e1s<\/a><\/p>\n","protected":false},"author":1,"featured_media":0,"comment_status":"open","ping_status":"open","sticky":false,"template":"","format":"standard","meta":{"om_disable_all_campaigns":false,"_mi_skip_tracking":false},"categories":[3],"tags":[],"aioseo_notices":[],"views":2361,"_links":{"self":[{"href":"https:\/\/www.loveof74.es\/weblog\/wp-json\/wp\/v2\/posts\/10791"}],"collection":[{"href":"https:\/\/www.loveof74.es\/weblog\/wp-json\/wp\/v2\/posts"}],"about":[{"href":"https:\/\/www.loveof74.es\/weblog\/wp-json\/wp\/v2\/types\/post"}],"author":[{"embeddable":true,"href":"https:\/\/www.loveof74.es\/weblog\/wp-json\/wp\/v2\/users\/1"}],"replies":[{"embeddable":true,"href":"https:\/\/www.loveof74.es\/weblog\/wp-json\/wp\/v2\/comments?post=10791"}],"version-history":[{"count":12,"href":"https:\/\/www.loveof74.es\/weblog\/wp-json\/wp\/v2\/posts\/10791\/revisions"}],"predecessor-version":[{"id":10804,"href":"https:\/\/www.loveof74.es\/weblog\/wp-json\/wp\/v2\/posts\/10791\/revisions\/10804"}],"wp:attachment":[{"href":"https:\/\/www.loveof74.es\/weblog\/wp-json\/wp\/v2\/media?parent=10791"}],"wp:term":[{"taxonomy":"category","embeddable":true,"href":"https:\/\/www.loveof74.es\/weblog\/wp-json\/wp\/v2\/categories?post=10791"},{"taxonomy":"post_tag","embeddable":true,"href":"https:\/\/www.loveof74.es\/weblog\/wp-json\/wp\/v2\/tags?post=10791"}],"curies":[{"name":"wp","href":"https:\/\/api.w.org\/{rel}","templated":true}]}}