{"id":10725,"date":"2022-07-06T07:42:43","date_gmt":"2022-07-06T06:42:43","guid":{"rendered":"http:\/\/www.loveof74.es\/weblog\/?p=10725"},"modified":"2023-05-12T12:10:46","modified_gmt":"2023-05-12T11:10:46","slug":"aqui-vivia-yo-tambien","status":"publish","type":"post","link":"https:\/\/www.loveof74.es\/weblog\/cultura\/musica\/aqui-vivia-yo-tambien\/","title":{"rendered":"Aqu\u00ed viv\u00eda yo tambi\u00e9n"},"content":{"rendered":"\n<figure class=\"wp-block-image\"><img decoding=\"async\" src=\"https:\/\/www.laganzua.net\/conciertosbdnew\/portada\/joanvichmontanerlibrog.jpg\" alt=\"\"\/><\/figure>\n\n\n\n<p> Oh, el indie. Esa cosa tan personal y tan burguesa. Esa etiqueta tan cerrada y tan cercana. Esa melod\u00eda tan secreta y luego amplificada. Muchos lo han intentado retratar. Algunos desde el suelo de su casa, haciendo fanzines o ley\u00e9ndolos sobre la alfombra, poniendo discos que para ellos solo ten\u00edan una copia en el mundo, la suya. Otros, como Nando Cruz y su Peque\u00f1o Circo, desde el escenario,  las luces, el <em>artisteo<\/em> y el Peque\u00f1o Ego. Ahora llega Joan Vich para ofrecer otro punto de vista, situado certera y elegantemente en la mitad de ambos mundos.  <\/p>\n\n\n\n<p>Joan es m\u00fasico y ha sido mil y una cosas en el Festival Internacional de Benicassim. Y sobre muchas de ellas habla, de forma directa, sencilla, acogedora y a veces divertida en este <a href=\"https:\/\/www.librosdelko.com\/products\/aqui-vivia-yo\"><strong>\u201cAqu\u00ed Viv\u00eda yo\u201d<\/strong><\/a>. Joan ha sido \u201cpisa alfombras\u201d y \u201cTriple A (Access All Areas)\u201d y en estas p\u00e1ginas navega con finura entre cielo y tierra.  <\/p>\n\n\n\n<p>En la arcilla m\u00e1s sonora sabe transmitir la pasi\u00f3n que se sent\u00eda en los primeros singles de Belle And Sebastian (muy relevantes en esta publicaci\u00f3n, y el FIB en su vida), es parte de la escena, de la ilusi\u00f3n, de la locura de aquellos primeros a\u00f1os. Retratando de manera muy h\u00e1bil el manido indie, alej\u00e1ndose un poco para que el flash no le ciegue. Dejando fluir la pasi\u00f3n del musiquero y el fan sobre la necesidad imperiosa y amorosa, casi ardiente, de crear canciones, organizar conciertos peque\u00f1os y tocar en grupos.<\/p>\n\n\n\n<p>El hilo integra y atrapa al lector, el visitante del tortuoso camping de piedra del FIB, el que rompe las chancletas del sudor, el que mira a los lados y ve que hay otros 7000 tarados como \u00e9l viendo a aquel mini grupo ingl\u00e9s o vibrando con grupos espa\u00f1oles (ejem, estatales) que no pisaban su ciudad ni para comer un sandwich de carretera de camino a otra urbe.<\/p>\n\n\n\n<p>Sube Joan en la escalera, y aumenta el jugo del zumo. Lo peque\u00f1as, amigables y estresantes que pueden ser las oficinas de estos grandes eventos al principio y la insensatez de montarse un certamen de este pelo. Deja caer un par de precios de grupos por aqu\u00ed \u2013 todos vacuos como los de los pisos de San Sebasti\u00e1n, para cuando los leas ya se han multiplicado-, un par de an\u00e9cdotas por all\u00e1, un par de pinceladas de contrataci\u00f3n de bandas, un par de nombres de gente que no suele salir en las fotos pero que conoces (PIAS), un par de momentos suyos personales bien emocionantes, un par de \u201cla hostia\u201ds que salen de tu boca sin querer&#8230;  <\/p>\n\n\n\n<p>Vich empatiza con el dolor del fan de Morrissey llorando en la barrera. Cuenta la gesti\u00f3n de la visita de <em>Mister Falcon<\/em> y sus camisas. Surfea sobre los siempre pesados tratos con la gente complementaria de algunos grupos gordos. Pone en su sitio a los ingleses, necesarios para que el certamen subiera como bien explica el autor. Visitando el museo de la nostalgia con sencillez y sin pena.<\/p>\n\n\n\n<p>\u201cAqu\u00ed vivia yo\u201d es un diario personal que ya has le\u00eddo porque ha estado debajo de tu cama escondido muchos a\u00f1os. Es la radiograf\u00eda p\u00fablica de un evento que fue seminal para miles de personas. Es un anecdotario que no necesita pasar la barrera para enganchar y emocionar con cercan\u00eda y emotividad. Quiero meter en alguna parte, pero no veo el sitio, que \u201cAqu\u00ed Viv\u00eda Yo\u201d podr\u00eda ser el hermano pop de la <a href=\"http:\/\/www.loveof74.es\/weblog\/cultura\/el-coctel-de-paul-collins\/\"><strong>\u201cToma de Tierra\u201d de Bruno Galindo<\/strong><\/a>, y que donde all\u00ed se ve el humo de Bogart aqu\u00ed se ve a un chaval que espera en la puerta a que le firmen el p\u00f3ster reci\u00e9n arrancado de la pared de Palma<\/p>\n\n\n\n<p>Y si, la escena escocesa es la mejor del mundo, Joan<\/p>\n","protected":false},"excerpt":{"rendered":"<p>Oh, el indie. Esa cosa tan personal y tan burguesa. Esa etiqueta tan cerrada y tan cercana. Esa melod\u00eda tan secreta y luego amplificada. Muchos lo han intentado retratar. Algunos desde el suelo de su casa, haciendo fanzines o ley\u00e9ndolos sobre la alfombra, poniendo discos que para ellos solo ten\u00edan una copia en el mundo, &#8230; <a title=\"Aqu\u00ed viv\u00eda yo tambi\u00e9n\" class=\"read-more\" href=\"https:\/\/www.loveof74.es\/weblog\/cultura\/musica\/aqui-vivia-yo-tambien\/\" aria-label=\"M\u00e1s en Aqu\u00ed viv\u00eda yo tambi\u00e9n\">Leer m\u00e1s<\/a><\/p>\n","protected":false},"author":1,"featured_media":0,"comment_status":"open","ping_status":"open","sticky":false,"template":"","format":"standard","meta":{"om_disable_all_campaigns":false,"_mi_skip_tracking":false},"categories":[78,3],"tags":[],"aioseo_notices":[],"views":3329,"_links":{"self":[{"href":"https:\/\/www.loveof74.es\/weblog\/wp-json\/wp\/v2\/posts\/10725"}],"collection":[{"href":"https:\/\/www.loveof74.es\/weblog\/wp-json\/wp\/v2\/posts"}],"about":[{"href":"https:\/\/www.loveof74.es\/weblog\/wp-json\/wp\/v2\/types\/post"}],"author":[{"embeddable":true,"href":"https:\/\/www.loveof74.es\/weblog\/wp-json\/wp\/v2\/users\/1"}],"replies":[{"embeddable":true,"href":"https:\/\/www.loveof74.es\/weblog\/wp-json\/wp\/v2\/comments?post=10725"}],"version-history":[{"count":35,"href":"https:\/\/www.loveof74.es\/weblog\/wp-json\/wp\/v2\/posts\/10725\/revisions"}],"predecessor-version":[{"id":10761,"href":"https:\/\/www.loveof74.es\/weblog\/wp-json\/wp\/v2\/posts\/10725\/revisions\/10761"}],"wp:attachment":[{"href":"https:\/\/www.loveof74.es\/weblog\/wp-json\/wp\/v2\/media?parent=10725"}],"wp:term":[{"taxonomy":"category","embeddable":true,"href":"https:\/\/www.loveof74.es\/weblog\/wp-json\/wp\/v2\/categories?post=10725"},{"taxonomy":"post_tag","embeddable":true,"href":"https:\/\/www.loveof74.es\/weblog\/wp-json\/wp\/v2\/tags?post=10725"}],"curies":[{"name":"wp","href":"https:\/\/api.w.org\/{rel}","templated":true}]}}