{"id":10067,"date":"2020-11-01T12:31:09","date_gmt":"2020-11-01T11:31:09","guid":{"rendered":"http:\/\/www.loveof74.es\/weblog\/?p=10067"},"modified":"2020-11-02T10:34:27","modified_gmt":"2020-11-02T09:34:27","slug":"y-se-acabo-la-magia","status":"publish","type":"post","link":"https:\/\/www.loveof74.es\/weblog\/cultura\/musica\/y-se-acabo-la-magia\/","title":{"rendered":"Y se acab\u00f3 la magia"},"content":{"rendered":"\n<figure class=\"wp-block-image\"><img decoding=\"async\" src=\"https:\/\/pbs.twimg.com\/media\/ElrTRHcXUAYXtWZ?format=jpg&amp;name=4096x4096\" alt=\"\"\/><\/figure>\n\n\n\n<p>  <\/p>\n\n\n\n<p>[Nota: los p\u00e1rrafos finales incluyen parte de la hermosura incomparable que fue el encuentro. No los lean si van a asistir a otros actos de la gira expositora de la obra de la que hoy hablamos]<\/p>\n\n\n\n<p>El 31 de octubre, justo siete meses\ndespu\u00e9s de la partida de Rafael Berrio como bien apunt\u00f3 Iturri, se\npresent\u00f3 en el Patio de Tabakalera \u201cAbsoluci\u00f3n\u201d una\nrecopilaci\u00f3n o selecci\u00f3n de letras que el autor seleccion\u00f3 con la\nayuda de Jon\u00e1s Trueba a modo de compendio de su vida m\u00e1s l\u00edrica. \n<\/p>\n\n\n\n<p>Una gran foto con parte de ese libreto de ideas, borradores, rimas y fogonazos nos recibi\u00f3 en la pantalla gigante de la sala, mientras amigos, conocidos y fans de Berrio nos sent\u00e1bamos en <em>aguantatraseros<\/em> individuales para disfrutar de un acto que recopilar\u00eda casi todas las vertientes del autor donostiarra.<\/p>\n\n\n\n<p> <br>La noche arranc\u00f3 con formas de presentaci\u00f3n del libro, que es lo que era. Ricardo Aldarondo pincel\u00f3 las virtudes creativas del autor  de \u201cSimulacro\u201d, y apunt\u00f3 el humor \u2013 educaci\u00f3n y cercan\u00eda a\u00f1adir\u00eda yo- que Berrio ten\u00eda siempre en sus encuentros sociales en tabernas, tugurios, conciertos, avenidas y callejuelas. Jon\u00e1s Trueba ofreci\u00f3 algunos detalles del volumen, destacando partes que no destacaremos por respeto a futuras presentaciones. Gema, la compa\u00f1era de vida de Berrio, quiso acentuar algunos fragmentos curiosos de un d\u00eda concreto en los que se torn\u00f3 como un elegant\u00edsimo momento que tuvo momentos de sonrisa emotiva.   <\/p>\n\n\n\n<p>Mas al gran letrista se le rindi\u00f3 un homenaje leyendo sus literaturas. Poetas, profesores, colegas de cantina, actrices y m\u00fasicos leyeron algunos pasajes de \u201cAbsoluci\u00f3n\u201d, y la gente aplaudi\u00f3 a los presentes y al gran ausente. <\/p>\n\n\n\n<p>Despu\u00e9s la letra se hizo forma, y distintos int\u00e9rpretes ejecutaron temas de estrecha cercan\u00eda con Rafael. Amateur ofreci\u00f3 un regalo que les hizo el autor (<a href=\"https:\/\/www.youtube.com\/watch?v=3Go8JD-jfVM&amp;ab_channel=Jos%C3%A9LuisLanzagorta.\">aqu\u00ed en formato live, con el antiguo amo de \u201cLento\u201d como featuring<\/a>)   <a href=\"https:\/\/twitter.com\/foteropanico\/status\/1322655447933997057\ufeff\">Mursego y Karlos Osinaga regurgitaron \u201cNi\u00f1o Futuro<\/a>\u201d  y Diego Vasallo emocion\u00f3 con su \u201cNo solo de Amor\u201d de Deriva.<\/p>\n\n\n\n<p>[-spoiler emocional-]<\/p>\n\n\n\n<p>Y todo iba fet\u00e9n, lejos del funeral\ncivil que algunos intu\u00edan para este encuentro, con momentos de\nrespeto y aplauso, de calma y gozo, de homenaje cercano sin ser\nexclusivamente doloso, cuando el \u201ccatenaccio\u201d que hab\u00edamos\nmontado se vino abajo. \n<\/p>\n\n\n\n<p>En pantalla apareci\u00f3 Rafael en el estudio, al son de \u201cEl truco era un resorte\u201d remarcando y apuntando, dej\u00e1ndose llevar para, al finalizar el momento, volver a tomar notas en su libreta como tremendo currela que era. Berrio se hizo presente, quien sabe si por \u00faltima vez, en una imagen nueva, habitual y cotidiana, distinguida y natural. Y como no pod\u00eda ser de otra forma<del>, en una toma extra del v\u00eddeo de \u201cSimulacro\u201d<\/del>, Berrio se despidi\u00f3 bailando un vals en solitario en una plaza mientras la imagen corr\u00eda borrosa y desenfocada.  <\/p>\n\n\n\n<p>Su \u00faltimo Vals, en libro y en EP, pinz\u00f3 la emoci\u00f3n y nos volvi\u00f3 a recordar la suerte que ha sido conocer y ser coet\u00e1neo de este autor \u00fanico.  <\/p>\n\n\n\n<p><\/p>\n","protected":false},"excerpt":{"rendered":"<p>[Nota: los p\u00e1rrafos finales incluyen parte de la hermosura incomparable que fue el encuentro. No los lean si van a asistir a otros actos de la gira expositora de la obra de la que hoy hablamos] El 31 de octubre, justo siete meses despu\u00e9s de la partida de Rafael Berrio como bien apunt\u00f3 Iturri, se &#8230; <a title=\"Y se acab\u00f3 la magia\" class=\"read-more\" href=\"https:\/\/www.loveof74.es\/weblog\/cultura\/musica\/y-se-acabo-la-magia\/\" aria-label=\"M\u00e1s en Y se acab\u00f3 la magia\">Leer m\u00e1s<\/a><\/p>\n","protected":false},"author":1,"featured_media":0,"comment_status":"open","ping_status":"open","sticky":false,"template":"","format":"standard","meta":{"om_disable_all_campaigns":false,"_mi_skip_tracking":false},"categories":[3],"tags":[],"aioseo_notices":[],"views":2295,"_links":{"self":[{"href":"https:\/\/www.loveof74.es\/weblog\/wp-json\/wp\/v2\/posts\/10067"}],"collection":[{"href":"https:\/\/www.loveof74.es\/weblog\/wp-json\/wp\/v2\/posts"}],"about":[{"href":"https:\/\/www.loveof74.es\/weblog\/wp-json\/wp\/v2\/types\/post"}],"author":[{"embeddable":true,"href":"https:\/\/www.loveof74.es\/weblog\/wp-json\/wp\/v2\/users\/1"}],"replies":[{"embeddable":true,"href":"https:\/\/www.loveof74.es\/weblog\/wp-json\/wp\/v2\/comments?post=10067"}],"version-history":[{"count":16,"href":"https:\/\/www.loveof74.es\/weblog\/wp-json\/wp\/v2\/posts\/10067\/revisions"}],"predecessor-version":[{"id":10083,"href":"https:\/\/www.loveof74.es\/weblog\/wp-json\/wp\/v2\/posts\/10067\/revisions\/10083"}],"wp:attachment":[{"href":"https:\/\/www.loveof74.es\/weblog\/wp-json\/wp\/v2\/media?parent=10067"}],"wp:term":[{"taxonomy":"category","embeddable":true,"href":"https:\/\/www.loveof74.es\/weblog\/wp-json\/wp\/v2\/categories?post=10067"},{"taxonomy":"post_tag","embeddable":true,"href":"https:\/\/www.loveof74.es\/weblog\/wp-json\/wp\/v2\/tags?post=10067"}],"curies":[{"name":"wp","href":"https:\/\/api.w.org\/{rel}","templated":true}]}}