{"id":2052,"date":"2004-10-08T11:18:42","date_gmt":"2004-10-08T11:18:42","guid":{"rendered":"http:\/\/www.loveof74.es\/JLEcheverria\/?p=2052"},"modified":"2011-08-26T11:30:39","modified_gmt":"2011-08-26T11:30:39","slug":"goiko-eskola-oiartzun-con-nikolai","status":"publish","type":"post","link":"https:\/\/www.loveof74.es\/JLEcheverria\/2004\/10\/08\/goiko-eskola-oiartzun-con-nikolai\/","title":{"rendered":"Goiko Eskola (Oiartzun), con Iban Nikolai"},"content":{"rendered":"<p>Hemos quedado con nuestro soplador de digeriddo favorito, Iban Nikolai (si, el que sac\u00f3 un disco el pasado a\u00f1o) para que nos gu\u00eden hasta la Goiko Eskola de Oiartzun.\u00bfAcaso necesitamos reeducarnos? Sin duda.<\/p>\n<p>Aqu\u00ed se encuentra una activa casa ocupada que celebra estos d\u00edas su cuarto aniversario. Desde el pasado mi\u00e9rcoles hasta ma\u00f1ana s\u00e1bado 9 variadas actividades de corte educativo y social conforman al lista de actividades prevista como celebraci\u00f3n: conciertos, charlas, bailes, cuenta cuentos&#8230; Sin olvidar la cena popular, por supuesto. Todos (menos la cena) son gratis. Ahora me dir\u00e1s que no tiene plan para este finde.<\/p>\n<p>Nada m\u00e1s llegar, los chicos del cursillo de Capoeira nos reciben calentando sonoramente el ambiente, mientras quedamos con Josito y Genis, miembros de la asamblea que rige este espacio situado a 100 metros de la parada del Topo, para charlar sobre el nacimiento y evoluci\u00f3n de estas antiguas escuelas.<\/p>\n<p>Amb\u00f3s estan desde el arranque, desde aquella ocupaci\u00f3n pac\u00edfica tras largas charlas con el Ayuntamiento sin llegar a ning\u00fan puerto. Gen\u00eds, el m\u00fasico (toc\u00f3 en Factor Riesgo y ahora est\u00e1 en CDC) nos cuenta que \u201c<em>ten\u00eda un local de ensayo en Donostia , de alquiler. Pero siempre he creido que eran necesarios los locales alternativos sobre todo por el alto precio de los alquileres. Nos pareci\u00f3 razonable meternos en la aventura de Oiartzun<\/em>\u201d.<\/p>\n<p>La historia, no por contada, es menos gratificante. \u201d<em>Llegamos aqu\u00ed y nos pusimos a acondicionar los locales. Al principio eran dos salas grandes. Empezamos a planificar la forma de regir el funcionamiento de los locales y las antiguas casas de los profesores (que ahora son viviendas). Fuimos creando el colectivo, con la intenci\u00f3n no solamente de dar cabida al tema musical, sino de recoger y dar cabid a cualquier aspecto cultural: teatro, charlas, pintura, danza&#8230; Dar salida, sobre todo, a la gente que no tiene donde realizar sus actividades<\/em>\u201d<\/p>\n<p>Mientras conversamos se nos cuela de fondo, en plan accapela vocal a cargo de los cocineros de la casa, el viejo tema de la Vainica Doble cocinera del programa \u201ccon las manos en la masa\u201d aquel de los \u201cplatos chinos\u201d.<\/p>\n<p>Porque en esta casa rodeada de verde tambi\u00e9n vive gente. Josito es uno de ellos. Claro, que no s\u00f3lo los alquileres de los locales de ensayo son caros.\u201d<em>En este momento hay 7 personas viviendo en Goiko Eskola. Contamos con 2 viviendas con 3 habitaciones cada una y cada uno tiene su txoko. Convivimos sin ning\u00fan problema<\/em>\u201d.<\/p>\n<p>Y mientras reparten sus actividades puntuales a lo largo del a\u00f1o, sin olvidar el car\u00e1cter autogestionado del local de Oiartzun. \u201c<em>Conciertos, teatros, charlas sociales a nivel de ecolog\u00eda, la situaci\u00f3n de diferentes pueblos o colectivos. Hay talleres de percusi\u00f3n, o de digeridoo. Toda clase de actividades. Y tenemos claro que deben ser actos gratuitos. La asamblea se autogestiona con el pago mensual de 6 euros por miembro y con lo que recolectamos en las fiestas que organizamos a lo largo del a\u00f1o<\/em>\u201d.<\/p>\n<p>\u00bfY cuales son esas fiestas especiales? tomen papel y boli. \u201c<em>Las fiestas del barrio, en las que participamos organizando un d\u00eda, con un concierto de 3 o 4 grupos, charlas, cuenta cuentos, teatro&#8230;Otra ser\u00eda el aniversario que ahora nos ocupa. Normalmente era una semana, pero este a\u00f1o hemos recortado las fechas porque se nos ha echado el tiempo encima, aunque al final hemos conseguido un programa m\u00e1s que airoso. Y la otra fiesta grande es la Vispera de San Esteban, en diciembre, donde organizamos conciertos con la gente de casa<\/em>\u201d.<\/p>\n<p>No se piensen los se\u00f1ores serios que aqu\u00ed todo es fiesta. Uno de los eventos anuales m\u00e1s importantes tiene que ver con la biolog\u00eda. Pero no con cualquier tipo de planta, claro est\u00e1. Hablamos de Marihuana.\u201d <em>Creemos que es algo importante y que est\u00e1 muy presente en la juventud. Lo que hemos tratado a traves de la cata es informar, ofreciendo charlas con la gente de Kalamudia intentado informar sobre todo lo referente a la planta, no hablar s\u00f3lo del pedo que te puedes agarrar<\/em>\u201d.<\/p>\n<p>Esas charlas son parte importante del programa del aniversario. El pasado mi\u00e9rcoles dos personas del comit\u00e9 gestor de Goiko Eskola acercaron las vivencias y experiencias recolectadas en dos sitios muy especiales: La reciente Venezuela electoral y Brasil. Y el jueves el tema fue de Bicicletas y viajes. Bajo el expresivo t\u00edtulo de \u201cLaos bizikletan\u201d, se contaba un viaje sobre dos ruedas por el pa\u00eds asi\u00e1tico con el apoyo de diapositivas.<\/p>\n<p>Hoy tienes m\u00e1s charleta interesante. Miembros del colectivo Askapena se acercan a contar lo que han visto en Chiapas y Uaxaca, problem\u00e1ticos estados mexicanos. Pero como todo buen fin de fiesta, la jornada acaba con un concierto muy especial. \u201c<em>S\u00ed, actuar\u00e1 perkutronik, una banda muy interesante que mezcla sintetizadores y percusiones. Y luego jam session con la gente que quiera participar. Siempre las hemos hecho y siempre ha habido buen rollo. Solemos empezar los m\u00fasicos de la casa, pero si hay gente que se anima a participar, se le dejan los instrumentos sin problema y as\u00ed se une a la fiesta. Se suele montar una buena timba<\/em>\u201d.<\/p>\n<p>El s\u00e1bado, como no, es el d\u00eda gordo. Tras el campeonato rel\u00e1mpago de Ping-Pong, los brigadistas miembros del comit\u00e9 Internacionalista hablar\u00e1n de sus andanzas en Palestina. Otro brigadista, Javier Barandiaran, mostrar\u00e1 sus aficiones actorales. \u201c<em>Ya estuvo el a\u00f1o pasado aqu\u00ed con cuentos cubanos, y fue genial. Este a\u00f1o vuelve con una historia llamada \u201ccuenta c\u00e1ntaros\u201d. Es muy bueno porque caracteriza de manera muy particular sus historias<\/em>\u201d.<\/p>\n<p>Despu\u00e9s llegar\u00e1 la inauguraci\u00f3n de un mural en la casa (en este momento est\u00e1 tapado, esperando el momento, pero ya hemos visto un poquito y es muy evocador). Josito nos explica que \u201ce<em>l artista lo ha montado de tal manera que mir\u00e1ndolo de frente veas un dibujo completo, como si estuviera dibujado sobre un plano horizontal. Habr\u00e1 proyecciones sobre el proceso de elaboraci\u00f3n<\/em>\u201d.<\/p>\n<p>Tras llenar la panza en la parrillada prevista por 3 euros, m\u00e1s m\u00fasica para cerrar la noche. Dos grupos irunadarras pondr\u00e1n m\u00fasiica al cierre del cuarto aniversario de Goiko eskola. \u201cDuff es un tr\u00edo con un ingl\u00e9s al frente. A mi me recuerda mucho a la primera \u00e9poca de Police, ese tipo de pop fresco y con calidad. Y la otra formaci\u00f3n se llama Rasta Miguel &amp; Taffari\u00a0 y practica, como su nombre indica, reggae\u201d.<\/p>\n<p>Al final, entre tanta fiesta, tanto acto, tanta m\u00fasica y teatro, los organizadores no destacan ning\u00fan evento en particular. Prefieren centrarse en la positividad del ambiente.\u201d <em>M\u00e1s que los actos en general, preferimos destacar la participaci\u00f3n de la gente que viene a ofrecer sus espect\u00e1culos o charlas. Lo que siempre he recordado de los aniversarios pasados es la buena energ\u00eda que hab\u00eda entre los asistentes<\/em>\u201d.<\/p>\n","protected":false},"excerpt":{"rendered":"<p>Hemos quedado con nuestro soplador de digeriddo favorito, Iban Nikolai (si, el que sac\u00f3 un disco el pasado a\u00f1o) para que nos gu\u00eden hasta la&#8230;<\/p>\n<div class=\"more-link-wrapper\"><a class=\"more-link\" href=\"https:\/\/www.loveof74.es\/JLEcheverria\/2004\/10\/08\/goiko-eskola-oiartzun-con-nikolai\/\">Seguir leyendo<span class=\"screen-reader-text\">Goiko Eskola (Oiartzun), con Iban Nikolai<\/span><\/a><\/div>\n","protected":false},"author":1,"featured_media":0,"comment_status":"open","ping_status":"open","sticky":false,"template":"","format":"standard","meta":{"footnotes":""},"categories":[28],"tags":[780,783,782,781],"aioseo_notices":[],"_links":{"self":[{"href":"https:\/\/www.loveof74.es\/JLEcheverria\/wp-json\/wp\/v2\/posts\/2052"}],"collection":[{"href":"https:\/\/www.loveof74.es\/JLEcheverria\/wp-json\/wp\/v2\/posts"}],"about":[{"href":"https:\/\/www.loveof74.es\/JLEcheverria\/wp-json\/wp\/v2\/types\/post"}],"author":[{"embeddable":true,"href":"https:\/\/www.loveof74.es\/JLEcheverria\/wp-json\/wp\/v2\/users\/1"}],"replies":[{"embeddable":true,"href":"https:\/\/www.loveof74.es\/JLEcheverria\/wp-json\/wp\/v2\/comments?post=2052"}],"version-history":[{"count":8,"href":"https:\/\/www.loveof74.es\/JLEcheverria\/wp-json\/wp\/v2\/posts\/2052\/revisions"}],"predecessor-version":[{"id":2059,"href":"https:\/\/www.loveof74.es\/JLEcheverria\/wp-json\/wp\/v2\/posts\/2052\/revisions\/2059"}],"wp:attachment":[{"href":"https:\/\/www.loveof74.es\/JLEcheverria\/wp-json\/wp\/v2\/media?parent=2052"}],"wp:term":[{"taxonomy":"category","embeddable":true,"href":"https:\/\/www.loveof74.es\/JLEcheverria\/wp-json\/wp\/v2\/categories?post=2052"},{"taxonomy":"post_tag","embeddable":true,"href":"https:\/\/www.loveof74.es\/JLEcheverria\/wp-json\/wp\/v2\/tags?post=2052"}],"curies":[{"name":"wp","href":"https:\/\/api.w.org\/{rel}","templated":true}]}}