{"id":6897,"date":"2012-03-21T15:48:26","date_gmt":"2012-03-21T14:48:26","guid":{"rendered":"http:\/\/www.loveof74.es\/weblog\/?p=6897"},"modified":"2012-03-21T15:59:29","modified_gmt":"2012-03-21T14:59:29","slug":"ze-premikin-exile-on-jareno-st-el-festi-del-bukos-en-la-sala-gasteszena","status":"publish","type":"post","link":"http:\/\/www.loveof74.es\/weblog\/cultura\/musica\/ze-premikin-exile-on-jareno-st-el-festi-del-bukos-en-la-sala-gasteszena\/","title":{"rendered":"Z\u00e9 PREMIKIN (Exile on Jare\u00f1o St.) , el festi del Bukos en la sala Gasteszena"},"content":{"rendered":"<p><strong>Razones para ir <a href=\"http:\/\/www.lebukowski.com\/web\/ekitaldia.php?atal=1&amp;id=786&amp;luze=1&amp;urtea=2012&amp;hila=4&amp;eguna=4&amp;hizk=2\" target=\"_blank\">el 4 de abril a Gasteszena<\/a>:<\/strong><\/p>\n<ul>\n<li>Que le peguen un gui\u00f1o a un totem rockero, como el de su par\u00e9ntesis. Estamos demasiado malacostumbrados a que las referencias sean a marcas comerciales.<\/li>\n<li>Que lo monta el Bukos.<\/li>\n<li>Que toquen grandes grupos de ROCK: Sex Museum, C\u00e1psula, NCC, Surfin Kaos,&#8230;<\/li>\n<li>Que haya txoko para otros interesantes bizarros: Jupiter Jon<\/li>\n<li>\u00a1Que toquen L\u00dcGER!<\/li>\n<li>Que la fiesta est\u00e9 asegurada con los DJs habituales y sabrosones del garito de la calle Egia: Makala y Budin.<\/li>\n<li>Y que todo valga ocho euros. Ocho. Ocho. Lo pongo varias veces para que no parezca una errata.<\/li>\n<\/ul>\n","protected":false},"excerpt":{"rendered":"<p>Razones para ir el 4 de abril a Gasteszena: Que le peguen un gui\u00f1o a un totem rockero, como el de su par\u00e9ntesis. Estamos demasiado malacostumbrados a que las referencias sean a marcas comerciales. Que lo monta el Bukos. Que toquen grandes grupos de ROCK: Sex Museum, C\u00e1psula, NCC, Surfin Kaos,&#8230; Que haya txoko para &#8230; <a title=\"Z\u00e9 PREMIKIN (Exile on Jare\u00f1o St.) , el festi del Bukos en la sala Gasteszena\" class=\"read-more\" href=\"http:\/\/www.loveof74.es\/weblog\/cultura\/musica\/ze-premikin-exile-on-jareno-st-el-festi-del-bukos-en-la-sala-gasteszena\/\" aria-label=\"M\u00e1s en Z\u00e9 PREMIKIN (Exile on Jare\u00f1o St.) , el festi del Bukos en la sala Gasteszena\">Leer m\u00e1s<\/a><\/p>\n","protected":false},"author":1,"featured_media":0,"comment_status":"open","ping_status":"open","sticky":false,"template":"","format":"standard","meta":{"om_disable_all_campaigns":false,"_mi_skip_tracking":false},"categories":[3],"tags":[],"aioseo_notices":[],"views":2670,"_links":{"self":[{"href":"http:\/\/www.loveof74.es\/weblog\/wp-json\/wp\/v2\/posts\/6897"}],"collection":[{"href":"http:\/\/www.loveof74.es\/weblog\/wp-json\/wp\/v2\/posts"}],"about":[{"href":"http:\/\/www.loveof74.es\/weblog\/wp-json\/wp\/v2\/types\/post"}],"author":[{"embeddable":true,"href":"http:\/\/www.loveof74.es\/weblog\/wp-json\/wp\/v2\/users\/1"}],"replies":[{"embeddable":true,"href":"http:\/\/www.loveof74.es\/weblog\/wp-json\/wp\/v2\/comments?post=6897"}],"version-history":[{"count":7,"href":"http:\/\/www.loveof74.es\/weblog\/wp-json\/wp\/v2\/posts\/6897\/revisions"}],"predecessor-version":[{"id":6901,"href":"http:\/\/www.loveof74.es\/weblog\/wp-json\/wp\/v2\/posts\/6897\/revisions\/6901"}],"wp:attachment":[{"href":"http:\/\/www.loveof74.es\/weblog\/wp-json\/wp\/v2\/media?parent=6897"}],"wp:term":[{"taxonomy":"category","embeddable":true,"href":"http:\/\/www.loveof74.es\/weblog\/wp-json\/wp\/v2\/categories?post=6897"},{"taxonomy":"post_tag","embeddable":true,"href":"http:\/\/www.loveof74.es\/weblog\/wp-json\/wp\/v2\/tags?post=6897"}],"curies":[{"name":"wp","href":"https:\/\/api.w.org\/{rel}","templated":true}]}}