{"id":6878,"date":"2012-03-19T11:03:13","date_gmt":"2012-03-19T10:03:13","guid":{"rendered":"http:\/\/www.loveof74.es\/weblog\/?p=6878"},"modified":"2012-03-19T11:06:37","modified_gmt":"2012-03-19T10:06:37","slug":"damien-jurado-como-una-ola","status":"publish","type":"post","link":"http:\/\/www.loveof74.es\/weblog\/cultura\/conciertos\/damien-jurado-como-una-ola\/","title":{"rendered":"Damien Jurado: Como una ola"},"content":{"rendered":"<p>Ser\u00e9 breve. <strong><a href=\"http:\/\/blogs.diariovasco.com\/mononcle\/2012\/03\/19\/damien-jurado-sentado-al-borde-del-victoria-eugenia-con-los-pies-en-arkansas\/\" target=\"_blank\">Aldarondo<\/a><\/strong>, y sobre todo, <strong><a href=\"http:\/\/www.noticiasdegipuzkoa.com\/2012\/03\/18\/ocio-y-cultura\/cultura\/demasiado-tarde-damien-jurado\" target=\"_blank\">Juan G Andr\u00e9s<\/a><\/strong>, fueron ya lo suficientemente certeros como para que yo pueda a\u00f1adir algo novedoso. Pero el concierto de Damien Jurado no colm\u00f3 las expectativas del respetable. Las m\u00edas no eran estratosf\u00e9ricas, pero ni por esas.<\/p>\n<p>En orden de gustos, el m\u00edo qued\u00f3 as\u00ed: Damien con banda desbocada &gt; Damien Solo &gt; Damien con banda que toca lo justo para no perderse por el camino estajanovista y te meto un coro de regalo a 4 metros del micro<\/p>\n<p>Result\u00f3 extra\u00f1o el subid\u00f3n que le peg\u00f3 antes del primer bis, digno de Kurt Cobain en su concierto de La Casilla (aunque en su caso no era end\u00f3geno). Y me re\u00ed mucho con \u201cDesde que sal\u00ed de Seattle, en esta gira, he so\u00f1ado con estar tocando en este lugar\u201d\u2026\u00bfQu\u00e9 lugar, Damien,eh? Qu\u00e9 lugar es? XD<\/p>\n<p>No fue un mal acto, ojo. Solo que quiz\u00e1s el sitio y la banda hac\u00edan esperar m\u00e1s. Nada, sin problema, este fin de semana ten\u00e9is 5 conciertos con los que quitaros el mal sabor<\/p>\n","protected":false},"excerpt":{"rendered":"<p>Ser\u00e9 breve. Aldarondo, y sobre todo, Juan G Andr\u00e9s, fueron ya lo suficientemente certeros como para que yo pueda a\u00f1adir algo novedoso. Pero el concierto de Damien Jurado no colm\u00f3 las expectativas del respetable. Las m\u00edas no eran estratosf\u00e9ricas, pero ni por esas. En orden de gustos, el m\u00edo qued\u00f3 as\u00ed: Damien con banda desbocada &#8230; <a title=\"Damien Jurado: Como una ola\" class=\"read-more\" href=\"http:\/\/www.loveof74.es\/weblog\/cultura\/conciertos\/damien-jurado-como-una-ola\/\" aria-label=\"M\u00e1s en Damien Jurado: Como una ola\">Leer m\u00e1s<\/a><\/p>\n","protected":false},"author":1,"featured_media":0,"comment_status":"open","ping_status":"open","sticky":false,"template":"","format":"standard","meta":{"om_disable_all_campaigns":false,"_mi_skip_tracking":false},"categories":[31],"tags":[],"aioseo_notices":[],"views":2803,"_links":{"self":[{"href":"http:\/\/www.loveof74.es\/weblog\/wp-json\/wp\/v2\/posts\/6878"}],"collection":[{"href":"http:\/\/www.loveof74.es\/weblog\/wp-json\/wp\/v2\/posts"}],"about":[{"href":"http:\/\/www.loveof74.es\/weblog\/wp-json\/wp\/v2\/types\/post"}],"author":[{"embeddable":true,"href":"http:\/\/www.loveof74.es\/weblog\/wp-json\/wp\/v2\/users\/1"}],"replies":[{"embeddable":true,"href":"http:\/\/www.loveof74.es\/weblog\/wp-json\/wp\/v2\/comments?post=6878"}],"version-history":[{"count":5,"href":"http:\/\/www.loveof74.es\/weblog\/wp-json\/wp\/v2\/posts\/6878\/revisions"}],"predecessor-version":[{"id":6882,"href":"http:\/\/www.loveof74.es\/weblog\/wp-json\/wp\/v2\/posts\/6878\/revisions\/6882"}],"wp:attachment":[{"href":"http:\/\/www.loveof74.es\/weblog\/wp-json\/wp\/v2\/media?parent=6878"}],"wp:term":[{"taxonomy":"category","embeddable":true,"href":"http:\/\/www.loveof74.es\/weblog\/wp-json\/wp\/v2\/categories?post=6878"},{"taxonomy":"post_tag","embeddable":true,"href":"http:\/\/www.loveof74.es\/weblog\/wp-json\/wp\/v2\/tags?post=6878"}],"curies":[{"name":"wp","href":"https:\/\/api.w.org\/{rel}","templated":true}]}}