{"id":5902,"date":"2011-09-08T12:47:50","date_gmt":"2011-09-08T11:47:50","guid":{"rendered":"http:\/\/www.loveof74.es\/weblog\/?p=5902"},"modified":"2011-09-08T13:33:58","modified_gmt":"2011-09-08T12:33:58","slug":"respondiendo-al-sirimiri","status":"publish","type":"post","link":"http:\/\/www.loveof74.es\/weblog\/nada-cosas-mias\/respondiendo-al-sirimiri\/","title":{"rendered":"Respondiendo al Sirimiri"},"content":{"rendered":"<p>\u00bfQu\u00e9 ocurrir\u00eda si todos y cada uno de los <a href=\"http:\/\/www.diariovasco.com\/v\/20110908\/san-sebastian\/sirimiri-20110908.html\"><strong>Sirimiris<\/strong><\/a> fueran respondidos por quien corresponde?<\/p>\n<p><em>XX comparte el reclamo de la lectora NN sobre la continuaci\u00f3n del bidegorri de Herrera hasta el centro de la ciudad: \u00abYo soy una potencial usuaria futura del citado bidegorri, pero no me voy a animar por el largo rodeo que hay que dar hasta el centro de la ciudad por las calles de Gros. Es necesario que tanto la calle Miracruz, como la avenida de Ategorrieta cuenten con un bidegorri que una la Avenida de la Libertad con el nuevo bidegorri hasta Herrera que comienza en el reloj de Ategorrieta. Precisamente ahora en \u00e9poca de crisis hay que invertir m\u00e1s en que los ciudadanos utilicemos la bicicleta y dejemos los coches en casa, y no como ha dicho la Diputaci\u00f3n, que con esto de la crisis paralizar\u00e1 las inversiones en bidegorris, todo un error\u00bb.<\/em><\/p>\n<p>Tomamos buena nota de su idea, la cual nos parece muy constructiva. Un ciudadano, un voto, un bidegorri. Le adelantamos que pronto entrar\u00e1 en funcionamiento un nuevo tipo de vial, el aerogorri, que le permitir\u00e1 ir en l\u00ednea recta de su casa a su destino. A pedales, claro. Los que parece que usted no desea dar para circunvalar un barrio a la hora de llegar a su destino. Seguro que es de las que van en coche hasta el parking del centro, \u00bfeh? Bruja, m\u00e1s que bruja. Y ahora que tiene la limusina en el garaje, poni\u00e9ndole un plasma nuevo a los asientos de atr\u00e1s y un cenicero ba\u00f1ado en oro, pues coge un d\u00eda la bici y ya se cree usted el ciclista nudista. Ah, co\u00f1o, que es una \u201cpotencial usuaria futura\u201d. S\u00ed, como de la funeraria. Dios quiera que tarde, claro. <\/p>\n<p>Pa\u00eds\u2026.<\/p>\n<p><strong>Mal olor en la calle<\/strong><br \/>\n<em>CC se queja: \u00abPasar cerca de los contenedores de basura en determinadas calles es como un suplicio para nuestras fosas nasales. Al margen de que la gente tire la basura fuera de horas, creo que se deber\u00edan fregar los contenedores por dentro m\u00e1s a menudo. Dec\u00eda un lector que en Marbella, una vez que el cami\u00f3n pasaba a retirar la basura, le segu\u00eda en la operaci\u00f3n otro cami\u00f3n que elevaba el contenedor y los fregaba durante medio minuto, y quedaba limpio por dentro y sin olores. Espero que alg\u00fan d\u00eda llegue a San Sebasti\u00e1n algo similar; hasta que cambie el m\u00e9todo habr\u00e1 que ir de contenedor en contenedor con una manguera y aplicarles el chorro de agua para limpiarlos\u00bb.<\/em><\/p>\n<p>Otra idea que ir\u00e1 al siguiente Pleno del Gobierno por el procedimiento de urgencia. Seguro que sale adelante. Porque somos muy fans de Marbella. Los dirigentes de nuestra regi\u00f3n no paran de engordar, humana y econ\u00f3micamente. Por no hablar de cuadros. Mire el \u00faltimo, que lo quitamos del  sal\u00f3n de Plenos para las caballerizas de Zubieta. Roca, un espejo en el que mirarse. Un se\u00f1or.<\/p>\n<p>Y hablando de Roca, tambi\u00e9n pensamos ampliar el sistema de puerta a puerta, que ya sabe que nos mola el tema cantidubi. Ahora haremos \u201dwater a water\u201d, y tras cada paseo tronal un empleado p\u00fablico funcionario y con antig\u00fcedad limpiar\u00e1 la taza de su ba\u00f1o. Empleando el dinero p\u00fablico en lo que realmente importa: nuestro culo.<\/p>\n<p><strong>Visitas guiadas<\/strong><br \/>\n<em>SD: \u00abHe seguido un rato a un grupo de turistas de Toledo con una gu\u00eda y les ha dicho cosas curiosas. Delante de la Brecha les ha informado que en los bajos est\u00e1 el mercado m\u00e1s caro de Espa\u00f1a. Al comienzo de Ferm\u00edn Calbet\u00f3n les ha dicho que es la calle de los pintxos y que hay que tomar un pintxo y un txakoli en cada bar. En la plaza de la Constituci\u00f3n, que el edificio del antiguo Ayuntamiento pertenece ahora a la Marina&#8230; Por el acento, la gu\u00eda era suramericana. Supongo que su trabajo lo hace con buena voluntad, pero si llega a leer estas l\u00edneas le sugerir\u00eda que se documentase un poco mejor\u00bb.<\/em><\/p>\n<p>Querida ciudadana.<br \/>\n Nos permitimos comentarle que seguir a la gente es una cosa muy fea. Y si lo hace mucho, igual cae sobre uste el peso de la justicia, en forma de 4 Guardia Civiles de a tonelada la pieza. \u00c1ndese con ojo, y mejore sus dotes detectivescas.<\/p>\n<p>Referente al otro tema, imag\u00ednese c\u00f3mo ser\u00e1 de real el tema que una maldita panchita aprovecha el tiempo libre sin cofia (tranquila, ya lo decimos nosotros, que usted se cort\u00f3 al final) para comentarles a sus colegas del piso patera (idem) que al l\u00edo con los bolsillos<\/p>\n<p><strong><br \/>\nJuegos en Aiete<\/strong><\/p>\n<p><em>OGHE sugiere lo siguiente: \u00abAsiduamente suelo acudir al parque de Aiete con mis hijos y desde esta secci\u00f3n quisiera lanzar una sugerencia a quien corresponda en el Ayuntamiento. La zona de juegos infantiles de este lugar tiene el pavimento de arena, pues bien, la arena est\u00e1 sucia y dada la climatolog\u00eda que tenemos en esta ciudad cuando llueve la arena se moja y queda impracticable durante gran parte del a\u00f1o porque no da tiempo a que se seque. Este parque es muy utilizado por todos los vecinos de Aiete y alrededores as\u00ed que pedir\u00eda que la arena fuera sustituida por suelo de goma como en el resto de los parque infantiles de la ciudad\u00bb.<\/em><\/p>\n<p>Estimada vecina:<br \/>\nLa imaginamos un poco mayorcita ya para retozarse por esos juegos que como bien define, son infantiles. Para otro tipo de pr\u00e1cticas, le recordamos que a lo largo y ancho de la ciudad hay tiendas de corte er\u00f3tico que seguro satisfacen sus necesidades. <\/p>\n<p>Por otra parte, y remarcando la postura antitaurina y de defensa de los animales que nuestro gobierno defiende, no se nos ocurri\u00f3 mejor idea para permitir que los gatos, vagabundos o no, pudieran hacer sus necesidades. Ahora, vaya y disfrute del parque de nuevo.<\/p>\n","protected":false},"excerpt":{"rendered":"<p>\u00bfQu\u00e9 ocurrir\u00eda si todos y cada uno de los Sirimiris fueran respondidos por quien corresponde? XX comparte el reclamo de la lectora NN sobre la continuaci\u00f3n del bidegorri de Herrera hasta el centro de la ciudad: \u00abYo soy una potencial usuaria futura del citado bidegorri, pero no me voy a animar por el largo rodeo &#8230; <a title=\"Respondiendo al Sirimiri\" class=\"read-more\" href=\"http:\/\/www.loveof74.es\/weblog\/nada-cosas-mias\/respondiendo-al-sirimiri\/\" aria-label=\"M\u00e1s en Respondiendo al Sirimiri\">Leer m\u00e1s<\/a><\/p>\n","protected":false},"author":1,"featured_media":0,"comment_status":"open","ping_status":"open","sticky":false,"template":"","format":"standard","meta":{"om_disable_all_campaigns":false,"_mi_skip_tracking":false},"categories":[28],"tags":[],"aioseo_notices":[],"views":3594,"_links":{"self":[{"href":"http:\/\/www.loveof74.es\/weblog\/wp-json\/wp\/v2\/posts\/5902"}],"collection":[{"href":"http:\/\/www.loveof74.es\/weblog\/wp-json\/wp\/v2\/posts"}],"about":[{"href":"http:\/\/www.loveof74.es\/weblog\/wp-json\/wp\/v2\/types\/post"}],"author":[{"embeddable":true,"href":"http:\/\/www.loveof74.es\/weblog\/wp-json\/wp\/v2\/users\/1"}],"replies":[{"embeddable":true,"href":"http:\/\/www.loveof74.es\/weblog\/wp-json\/wp\/v2\/comments?post=5902"}],"version-history":[{"count":14,"href":"http:\/\/www.loveof74.es\/weblog\/wp-json\/wp\/v2\/posts\/5902\/revisions"}],"predecessor-version":[{"id":5916,"href":"http:\/\/www.loveof74.es\/weblog\/wp-json\/wp\/v2\/posts\/5902\/revisions\/5916"}],"wp:attachment":[{"href":"http:\/\/www.loveof74.es\/weblog\/wp-json\/wp\/v2\/media?parent=5902"}],"wp:term":[{"taxonomy":"category","embeddable":true,"href":"http:\/\/www.loveof74.es\/weblog\/wp-json\/wp\/v2\/categories?post=5902"},{"taxonomy":"post_tag","embeddable":true,"href":"http:\/\/www.loveof74.es\/weblog\/wp-json\/wp\/v2\/tags?post=5902"}],"curies":[{"name":"wp","href":"https:\/\/api.w.org\/{rel}","templated":true}]}}