{"id":5461,"date":"2011-06-10T11:17:07","date_gmt":"2011-06-10T10:17:07","guid":{"rendered":"http:\/\/www.loveof74.es\/weblog\/?p=5461"},"modified":"2011-06-10T11:23:04","modified_gmt":"2011-06-10T10:23:04","slug":"conciertos-de-sagues-semana-grande-donostiarra-2011","status":"publish","type":"post","link":"http:\/\/www.loveof74.es\/weblog\/cultura\/conciertos\/conciertos-de-sagues-semana-grande-donostiarra-2011\/","title":{"rendered":"Conciertos de Sagues. Semana Grande donostiarra 2011"},"content":{"rendered":"<p><img decoding=\"async\" loading=\"lazy\" class=\"alignright\" style=\"margin: 3px 15px;\" src=\"http:\/\/www.donostiakultura.com\/images\/principales\/l_festak_sagues_2011.jpg\" alt=\"\" width=\"192\" height=\"385\" \/>A la ingesta masiva del bebercio patrocinador para soportar la sola presencia de estos m\u00fasicos en la ciudad. Oh, wait&#8230;\u00bfEsto no lo habr\u00e1 programado San Miguel, no? Podr\u00eda ser&#8230;<\/p>\n<ul>\n<li>13 de agosto, s\u00e1bado: <a href=\"http:\/\/www.marta-sanchez.com\/\" target=\"_blank\">Marta S\u00e1nchez<\/a><\/li>\n<li>14 de agosto, domingo: <a href=\"http:\/\/thebilliejeans.com\/\" target=\"_blank\">The Billie Jeans<\/a><strong> \/ <\/strong><a href=\"http:\/\/www.melocos.es\/\" target=\"_blank\">Melocos<\/a><\/li>\n<li>15 de agosto, lunes: <a href=\"http:\/\/www.muchachitobomboinfierno.com\/\" target=\"_blank\">Muchachito Bombo Infierno<\/a><\/li>\n<li>16 de agosto, martes: <a href=\"http:\/\/www.defcondos.com\/\" target=\"_blank\">Def Con Dos<\/a><\/li>\n<li>17 de agosto, mi\u00e9rcoles: <a href=\"http:\/\/malarodriguez.com\/\" target=\"_blank\">Mala Rodr\u00edguez<\/a><\/li>\n<li>18 de agosto, jueves: <a href=\"http:\/\/www.zea-mays.com\/\" target=\"_blank\">Zea Mays<\/a><strong> \/ <\/strong><a href=\"http:\/\/www.myspace.com\/esnebeltza\" target=\"_blank\">Esne Beltza<\/a><\/li>\n<li>19 de agosto, viernes: <a href=\"http:\/\/www.melendi.tv\/\" target=\"_blank\">Melendi<\/a><\/li>\n<li>20 de agosto, s\u00e1bado: <a href=\"http:\/\/www.celtascortos.com\/\" target=\"_blank\">Celtas Cortos<\/a><\/li>\n<\/ul>\n","protected":false},"excerpt":{"rendered":"<p>A la ingesta masiva del bebercio patrocinador para soportar la sola presencia de estos m\u00fasicos en la ciudad. Oh, wait&#8230;\u00bfEsto no lo habr\u00e1 programado San Miguel, no? Podr\u00eda ser&#8230; 13 de agosto, s\u00e1bado: Marta S\u00e1nchez 14 de agosto, domingo: The Billie Jeans \/ Melocos 15 de agosto, lunes: Muchachito Bombo Infierno 16 de agosto, martes: &#8230; <a title=\"Conciertos de Sagues. Semana Grande donostiarra 2011\" class=\"read-more\" href=\"http:\/\/www.loveof74.es\/weblog\/cultura\/conciertos\/conciertos-de-sagues-semana-grande-donostiarra-2011\/\" aria-label=\"M\u00e1s en Conciertos de Sagues. Semana Grande donostiarra 2011\">Leer m\u00e1s<\/a><\/p>\n","protected":false},"author":1,"featured_media":0,"comment_status":"open","ping_status":"open","sticky":false,"template":"","format":"standard","meta":{"om_disable_all_campaigns":false,"_mi_skip_tracking":false},"categories":[31],"tags":[],"aioseo_notices":[],"views":5522,"_links":{"self":[{"href":"http:\/\/www.loveof74.es\/weblog\/wp-json\/wp\/v2\/posts\/5461"}],"collection":[{"href":"http:\/\/www.loveof74.es\/weblog\/wp-json\/wp\/v2\/posts"}],"about":[{"href":"http:\/\/www.loveof74.es\/weblog\/wp-json\/wp\/v2\/types\/post"}],"author":[{"embeddable":true,"href":"http:\/\/www.loveof74.es\/weblog\/wp-json\/wp\/v2\/users\/1"}],"replies":[{"embeddable":true,"href":"http:\/\/www.loveof74.es\/weblog\/wp-json\/wp\/v2\/comments?post=5461"}],"version-history":[{"count":6,"href":"http:\/\/www.loveof74.es\/weblog\/wp-json\/wp\/v2\/posts\/5461\/revisions"}],"predecessor-version":[{"id":5464,"href":"http:\/\/www.loveof74.es\/weblog\/wp-json\/wp\/v2\/posts\/5461\/revisions\/5464"}],"wp:attachment":[{"href":"http:\/\/www.loveof74.es\/weblog\/wp-json\/wp\/v2\/media?parent=5461"}],"wp:term":[{"taxonomy":"category","embeddable":true,"href":"http:\/\/www.loveof74.es\/weblog\/wp-json\/wp\/v2\/categories?post=5461"},{"taxonomy":"post_tag","embeddable":true,"href":"http:\/\/www.loveof74.es\/weblog\/wp-json\/wp\/v2\/tags?post=5461"}],"curies":[{"name":"wp","href":"https:\/\/api.w.org\/{rel}","templated":true}]}}