{"id":540,"date":"2008-09-12T18:51:38","date_gmt":"2008-09-12T17:51:38","guid":{"rendered":"http:\/\/www.loveof74.es\/weblog\/cultura\/musica\/sergio-cruzado-en-mas-que-palabras\/"},"modified":"2012-01-16T14:18:34","modified_gmt":"2012-01-16T13:18:34","slug":"sergio-cruzado-en-mas-que-palabras","status":"publish","type":"post","link":"http:\/\/www.loveof74.es\/weblog\/cultura\/musica\/sergio-cruzado-en-mas-que-palabras\/","title":{"rendered":"Sergio Cruzado en M\u00e1s que Palabras"},"content":{"rendered":"<p style=\"text-align: center\"><img decoding=\"async\" src=\"http:\/\/www.loveof74.es\/weblog\/wp-content\/uploads\/2008\/09\/donostikluba2016.gif\" alt=\"Donostikluba 2016. Donostia, Candidata a capital cultural de los conciertos peque\u00f1os\" \/><\/p>\n<p>Uff, iba a ir de angl\u00f3filo y poner en el titular \u00abmore than words\u00bb, hasta que me di cuenta que era el t\u00edtulo de una canci\u00f3n AOR bastante empalagosa.<\/p>\n<p>Sergio Cruzado, la persona tras la \u00abcruzada\u00bb cultural de Donostikluba, se pas\u00f3 por el programa de Javier Vizca\u00edno donde dej\u00f3 para la posteridad esta jugosa entrevista. <strong><a href=\"http:\/\/www.eitb.com\/reuskadi\/masquepalabras\/fonoteca.asp?sec=153483#\" target=\"_blank\">Aqu\u00ed ten\u00e9is el audio de la misma<\/a><\/strong> (<strong><a href=\"http:\/\/www.eitb.com\/mm\/gc\/audio\/cruzado20080907.asf\" target=\"_blank\">descarga el audio<\/a><\/strong> si prefieres, son 2,8 megas).<\/p>\n<p>En cuanto mi ordenador tenga sonido, intentar\u00e9 transcribirla a palabrotas<\/p>\n<p>Donostikluba 2016 ya!<\/p>\n<ul>\n<li> <a href=\"http:\/\/www.loveof74.es\/weblog\/wp-content\/uploads\/2008\/09\/donostikluba2016_2.gif\" title=\"Donostikluba 2016 versi\u00f3n 2\"> <strong>Donostikluba 2016 versi\u00f3n 2<\/strong><\/a><\/li>\n<li><strong><span class=\"removed_link\" title=\"http:\/\/hommirecords.wordpress.com\/\">HommiRecords<\/span><\/strong> tambi\u00e9n hizo<strong><span class=\"removed_link\" title=\"http:\/\/http:\/\/hommirecords.files.wordpress.com\/2008\/09\/logo1.jpg?w=243&amp;h=300\"> la suya<\/span><\/strong>, m\u00e1s enfocada al numerito que al Festival.<\/li>\n<\/ul>\n","protected":false},"excerpt":{"rendered":"<p>Uff, iba a ir de angl\u00f3filo y poner en el titular \u00abmore than words\u00bb, hasta que me di cuenta que era el t\u00edtulo de una canci\u00f3n AOR bastante empalagosa. Sergio Cruzado, la persona tras la \u00abcruzada\u00bb cultural de Donostikluba, se pas\u00f3 por el programa de Javier Vizca\u00edno donde dej\u00f3 para la posteridad esta jugosa entrevista. &#8230; <a title=\"Sergio Cruzado en M\u00e1s que Palabras\" class=\"read-more\" href=\"http:\/\/www.loveof74.es\/weblog\/cultura\/musica\/sergio-cruzado-en-mas-que-palabras\/\" aria-label=\"M\u00e1s en Sergio Cruzado en M\u00e1s que Palabras\">Leer m\u00e1s<\/a><\/p>\n","protected":false},"author":1,"featured_media":0,"comment_status":"open","ping_status":"open","sticky":false,"template":"","format":"standard","meta":{"om_disable_all_campaigns":false,"_mi_skip_tracking":false},"categories":[3,47],"tags":[],"aioseo_notices":[],"views":4499,"_links":{"self":[{"href":"http:\/\/www.loveof74.es\/weblog\/wp-json\/wp\/v2\/posts\/540"}],"collection":[{"href":"http:\/\/www.loveof74.es\/weblog\/wp-json\/wp\/v2\/posts"}],"about":[{"href":"http:\/\/www.loveof74.es\/weblog\/wp-json\/wp\/v2\/types\/post"}],"author":[{"embeddable":true,"href":"http:\/\/www.loveof74.es\/weblog\/wp-json\/wp\/v2\/users\/1"}],"replies":[{"embeddable":true,"href":"http:\/\/www.loveof74.es\/weblog\/wp-json\/wp\/v2\/comments?post=540"}],"version-history":[{"count":2,"href":"http:\/\/www.loveof74.es\/weblog\/wp-json\/wp\/v2\/posts\/540\/revisions"}],"predecessor-version":[{"id":6503,"href":"http:\/\/www.loveof74.es\/weblog\/wp-json\/wp\/v2\/posts\/540\/revisions\/6503"}],"wp:attachment":[{"href":"http:\/\/www.loveof74.es\/weblog\/wp-json\/wp\/v2\/media?parent=540"}],"wp:term":[{"taxonomy":"category","embeddable":true,"href":"http:\/\/www.loveof74.es\/weblog\/wp-json\/wp\/v2\/categories?post=540"},{"taxonomy":"post_tag","embeddable":true,"href":"http:\/\/www.loveof74.es\/weblog\/wp-json\/wp\/v2\/tags?post=540"}],"curies":[{"name":"wp","href":"https:\/\/api.w.org\/{rel}","templated":true}]}}