{"id":298,"date":"2008-05-13T18:09:28","date_gmt":"2008-05-13T17:09:28","guid":{"rendered":"http:\/\/www.loveof74.es\/weblog\/sin-categoria\/panuelo-para-la-semana-grande-de-donostia-san-sebastian\/"},"modified":"2008-05-13T20:16:51","modified_gmt":"2008-05-13T19:16:51","slug":"panuelo-para-la-semana-grande-de-donostia-san-sebastian","status":"publish","type":"post","link":"http:\/\/www.loveof74.es\/weblog\/sin-categoria\/panuelo-para-la-semana-grande-de-donostia-san-sebastian\/","title":{"rendered":"Pa\u00f1uelo para la Semana Grande de Donostia &#8211; San Sebasti\u00e1n"},"content":{"rendered":"<p>El departamento de Cultura del Ayuntamiento de San Sebasti\u00e1n ha convocado un concurso abierto para seleccionar el dise\u00f1o de un \u00abpa\u00f1uelo de fiestas original, \u00fanico e in\u00e9dito\u00bb con el fin de que los utilicen los donostiarras que participen en los festejos de la Semana Grande.<\/p>\n<p>El delegado de Cultura en el Consistorio, Ram\u00f3n Etxezarreta, ha anunciado hoy en una rueda de prensa que este nuevo s\u00edmbolo de las fiestas donostiarras, que se celebrar\u00e1n del 9 al 16 de agosto, nace con la vocaci\u00f3n de permanecer con el paso de los a\u00f1os.<\/p>\n<p>Ha se\u00f1alado que la entidad pretende \u00abregalar\u00bb este art\u00edculo durante la semana festiva y tratar\u00e1 de implicar a \u00abalgunas marcas\u00bb en esta iniciativa.<\/p>\n<h5>C\u00f3mo participar<\/h5>\n<p>Los autores de los dise\u00f1os deber\u00e1n presentar el pa\u00f1uelo original realizado sobre tela, papel o en soporte inform\u00e1tico en las oficinas de Donostia Kultura (plaza de la Constituci\u00f3n, 1) hasta el pr\u00f3ximo d\u00eda 10 de junio.<\/p>\n<p>El pa\u00f1uelo tendr\u00e1 una forma triangular de 755 mil\u00edmetros de base por 400 mil\u00edmetros de altura, deber\u00e1 incluir el texto &#8216;Donostia-San Sebasti\u00e1n&#8217; y es preferible que contenga los colores de la ciudad, el blanco y el azul.<\/p>\n<p>El fallo de Donostia Kultura se publicar\u00e1 en los medios de comunicaci\u00f3n y en la p\u00e1gina web municipal, y el ganador del concurso obtendr\u00e1 un premio de 1.000 euros y un diploma.<\/p>\n<p>Yo ya tengo mi idea, que resume un poco el concepto de la fiesta grande donostiarra, la lujosa programaci\u00f3n de concierto, la animosa vida social, esa fiesta sin fin que caracteriza nuestra Semana Grandota, ideal para veinti-treinta\u00f1eros&#8230; \ud83d\ude00<\/p>\n<p><!--more--><\/p>\n<p><a href=\"http:\/\/www.flickr.com\/photos\/41329058@N00\/2489351119\/\" title=\"propuesta pa\u00f1uelo fiestas Semana Grande por loveof74, en Flickr\"><img decoding=\"async\" loading=\"lazy\" src=\"http:\/\/farm3.static.flickr.com\/2101\/2489351119_e556573f45_m.jpg\" alt=\"propuesta pa\u00f1uelo fiestas Semana Grande\" height=\"222\" width=\"240\" \/><\/a><\/p>\n<p>Jo, me da que no gano&#8230;.<\/p>\n","protected":false},"excerpt":{"rendered":"<p>El departamento de Cultura del Ayuntamiento de San Sebasti\u00e1n ha convocado un concurso abierto para seleccionar el dise\u00f1o de un \u00abpa\u00f1uelo de fiestas original, \u00fanico e in\u00e9dito\u00bb con el fin de que los utilicen los donostiarras que participen en los festejos de la Semana Grande. El delegado de Cultura en el Consistorio, Ram\u00f3n Etxezarreta, ha &#8230; <a title=\"Pa\u00f1uelo para la Semana Grande de Donostia &#8211; San Sebasti\u00e1n\" class=\"read-more\" href=\"http:\/\/www.loveof74.es\/weblog\/sin-categoria\/panuelo-para-la-semana-grande-de-donostia-san-sebastian\/\" aria-label=\"M\u00e1s en Pa\u00f1uelo para la Semana Grande de Donostia &#8211; San Sebasti\u00e1n\">Leer m\u00e1s<\/a><\/p>\n","protected":false},"author":1,"featured_media":0,"comment_status":"open","ping_status":"open","sticky":false,"template":"","format":"standard","meta":{"om_disable_all_campaigns":false,"_mi_skip_tracking":false},"categories":[1],"tags":[],"aioseo_notices":[],"views":3909,"_links":{"self":[{"href":"http:\/\/www.loveof74.es\/weblog\/wp-json\/wp\/v2\/posts\/298"}],"collection":[{"href":"http:\/\/www.loveof74.es\/weblog\/wp-json\/wp\/v2\/posts"}],"about":[{"href":"http:\/\/www.loveof74.es\/weblog\/wp-json\/wp\/v2\/types\/post"}],"author":[{"embeddable":true,"href":"http:\/\/www.loveof74.es\/weblog\/wp-json\/wp\/v2\/users\/1"}],"replies":[{"embeddable":true,"href":"http:\/\/www.loveof74.es\/weblog\/wp-json\/wp\/v2\/comments?post=298"}],"version-history":[{"count":0,"href":"http:\/\/www.loveof74.es\/weblog\/wp-json\/wp\/v2\/posts\/298\/revisions"}],"wp:attachment":[{"href":"http:\/\/www.loveof74.es\/weblog\/wp-json\/wp\/v2\/media?parent=298"}],"wp:term":[{"taxonomy":"category","embeddable":true,"href":"http:\/\/www.loveof74.es\/weblog\/wp-json\/wp\/v2\/categories?post=298"},{"taxonomy":"post_tag","embeddable":true,"href":"http:\/\/www.loveof74.es\/weblog\/wp-json\/wp\/v2\/tags?post=298"}],"curies":[{"name":"wp","href":"https:\/\/api.w.org\/{rel}","templated":true}]}}