{"id":2729,"date":"2010-04-05T18:31:14","date_gmt":"2010-04-05T17:31:14","guid":{"rendered":"http:\/\/www.loveof74.es\/weblog\/?p=2729"},"modified":"2010-04-05T18:48:41","modified_gmt":"2010-04-05T17:48:41","slug":"y-si-hay-que-poner-bote-se-pone-que-cono","status":"publish","type":"post","link":"http:\/\/www.loveof74.es\/weblog\/cultura\/musica\/y-si-hay-que-poner-bote-se-pone-que-cono\/","title":{"rendered":"Y si hay que poner bote, se pone. \u00a1Qu\u00e9 co\u00f1o!"},"content":{"rendered":"<p><!-- \t\t@page { margin: 2cm } \t\tP { margin-bottom: 0.21cm } --><\/p>\n<p style=\"text-align: center;\"><img decoding=\"async\" loading=\"lazy\" class=\"aligncenter\" title=\"berrio-02\" src=\"http:\/\/www.loveof74.es\/weblog\/wp-content\/uploads\/2010\/04\/berrio-02.jpg\" alt=\"\" width=\"451\" height=\"304\" \/><\/p>\n<p>El d\u00eda que La Habitaci\u00f3n Roja ti\u00f1\u00f3 de pop la sala gazteszena fue tambi\u00e9n el d\u00eda que vimos a Rafa Berrio por primera vez desde <a href=\"http:\/\/www.rafaberrio.com\/\" target=\"_blank\">las sesiones de grabaci\u00f3n de su nuevo disco en Madrid<\/a>.<\/p>\n<p style=\"text-align: left;\">Su \u00faltima aparici\u00f3n p\u00fablica hab\u00eda tenido lugar un d\u00eda antes del viaje a Villa Espe, en los conciertos de sus Amor a Traici\u00f3n, y a\u00fan nos relam\u00edamos de la doble cita imprescindible en el no menos necesario Bukowski. Pueden ver la foto del <a href=\"http:\/\/foteropanico.blogspot.com\/\" target=\"_blank\">Humilde Fotero <\/a>para hacerse una idea.<\/p>\n<p>Apenas llevaba 10 horas en Donostia, y apareci\u00f3 como siempre, como el conejo de un mago. Los artistas aparecen, no se queda con ellos. Vino tinto en mano, nos dispar\u00f3 algunas de sus grandes aventuras capitalinas, peleas con dragones mel\u00f3dicos y preciosos castillos de grabaci\u00f3n con pr\u00edncipes de las mezclas. Intentaremos resumirlo y concretar las partes m\u00e1s p\u00fablicas, que apenas fueron 15 minutos. Lo cual, en boca de Berrio, da para mucha informaci\u00f3n.<\/p>\n<p>El disco ya est\u00e1 registrado. La grabaci\u00f3n se hizo con cuartetos de cuerda y mucho m\u00fasico de post\u00edn, que el autor tendr\u00e1 a bien detallarles en cuanto se lo topen por Eg\u00eda o publique su nota de prensa.<\/p>\n<p>JM Rosillo, persona con la que congeni\u00f3 a las mil maravillas a la hora de grabarlo, \u00abun genio\u00bb seg\u00fan sus palabras, dispondr\u00e1 ahora de 15 d\u00edas para mezclarlo. A finales de mes Berrio (y no se si Joserra Senperena, su gran socio en este disco) volver\u00e1 a bajar al centro de la&#8230;pen\u00ednsula, para decidir los \u00faltimos vol\u00famenes y repartos de sonido sobre el terreno, tras las posibles confirmaciones parciales v\u00eda mail.<\/p>\n<p>Como siempre, las historias sobre dicho terru\u00f1o (nocturno) son bien dignas de una novela polic\u00edaca. Nos quedamos con los paseos de ca\u00f1as, las visitas de Diego Vasallo y la asistencia a recitales de poes\u00eda underground. Que si nos atenemos a lo que Rafa puede entender de ello, bien podr\u00eda ser una especie de comuna desprovista de harapos y reunida alrededor de una estaci\u00f3n de metro abandonada.<\/p>\n<p>Los primeros contactos con los sellos discogr\u00e1ficos parecen haber ido bien. Y t\u00f3mense esta frase con todo el tiento del mundo. Dije tiento, no tinto. No hubo datos definitivos, pero qued\u00f3 buena sensaci\u00f3n en la charla. Seguro que con el master impoluto las cosas se acaban de cerrar del todo y ya para principios de oto\u00f1o (fecha oficiosa de la salida del disco. Tan posible como esos meses previos al verano) ya tenemos a Berrio en nuestros estantes. Como dec\u00eda el bueno de<a href=\"http:\/\/www.javierortiz.net\/voz\/iturri\" target=\"_blank\"> Iturri<\/a>, \u00abY si hay que poner bote para que salga, se pone, qu\u00e9 co\u00f1o\u00bb.<\/p>\n<p>Antes, <a href=\"http:\/\/www.loveof74.es\/weblog\/cultura\/conciertos\/el-festival-kultur-propone-actividades-culturales-por-gipuzkoa\/\" target=\"_blank\">en mayo 2010, tendr\u00e1 una fecha compartida con Nacho Vegas (un amateur) en Tolosa<\/a>, y quiz\u00e1s en m\u00e1s capitales vascas. Eso est\u00e1 por ver. Como est\u00e1 por ver la formaci\u00f3n con la que barrer\u00e1 del cuadrilatero al ex-Manta Ray. Nos vemos en Tolosa, amigo(s). Porque a la nueva aparici\u00f3n de <a href=\"http:\/\/www.loveof74.es\/weblog\/cultura\/musica\/lieder-exposicion-colectiva\/\" target=\"_blank\">Lieder<\/a> por Granada (\u00bfo era C\u00f3rdoba? siempre me lio) me temo que no podremos asistir<\/p>\n","protected":false},"excerpt":{"rendered":"<p>El d\u00eda que La Habitaci\u00f3n Roja ti\u00f1\u00f3 de pop la sala gazteszena fue tambi\u00e9n el d\u00eda que vimos a Rafa Berrio por primera vez desde las sesiones de grabaci\u00f3n de su nuevo disco en Madrid. Su \u00faltima aparici\u00f3n p\u00fablica hab\u00eda tenido lugar un d\u00eda antes del viaje a Villa Espe, en los conciertos de sus &#8230; <a title=\"Y si hay que poner bote, se pone. \u00a1Qu\u00e9 co\u00f1o!\" class=\"read-more\" href=\"http:\/\/www.loveof74.es\/weblog\/cultura\/musica\/y-si-hay-que-poner-bote-se-pone-que-cono\/\" aria-label=\"M\u00e1s en Y si hay que poner bote, se pone. \u00a1Qu\u00e9 co\u00f1o!\">Leer m\u00e1s<\/a><\/p>\n","protected":false},"author":1,"featured_media":0,"comment_status":"open","ping_status":"open","sticky":false,"template":"","format":"standard","meta":{"om_disable_all_campaigns":false,"_mi_skip_tracking":false},"categories":[3],"tags":[],"aioseo_notices":[],"views":4333,"_links":{"self":[{"href":"http:\/\/www.loveof74.es\/weblog\/wp-json\/wp\/v2\/posts\/2729"}],"collection":[{"href":"http:\/\/www.loveof74.es\/weblog\/wp-json\/wp\/v2\/posts"}],"about":[{"href":"http:\/\/www.loveof74.es\/weblog\/wp-json\/wp\/v2\/types\/post"}],"author":[{"embeddable":true,"href":"http:\/\/www.loveof74.es\/weblog\/wp-json\/wp\/v2\/users\/1"}],"replies":[{"embeddable":true,"href":"http:\/\/www.loveof74.es\/weblog\/wp-json\/wp\/v2\/comments?post=2729"}],"version-history":[{"count":8,"href":"http:\/\/www.loveof74.es\/weblog\/wp-json\/wp\/v2\/posts\/2729\/revisions"}],"predecessor-version":[{"id":2738,"href":"http:\/\/www.loveof74.es\/weblog\/wp-json\/wp\/v2\/posts\/2729\/revisions\/2738"}],"wp:attachment":[{"href":"http:\/\/www.loveof74.es\/weblog\/wp-json\/wp\/v2\/media?parent=2729"}],"wp:term":[{"taxonomy":"category","embeddable":true,"href":"http:\/\/www.loveof74.es\/weblog\/wp-json\/wp\/v2\/categories?post=2729"},{"taxonomy":"post_tag","embeddable":true,"href":"http:\/\/www.loveof74.es\/weblog\/wp-json\/wp\/v2\/tags?post=2729"}],"curies":[{"name":"wp","href":"https:\/\/api.w.org\/{rel}","templated":true}]}}