{"id":271,"date":"2008-04-23T18:37:47","date_gmt":"2008-04-23T17:37:47","guid":{"rendered":"http:\/\/www.loveof74.es\/weblog\/cultura\/art-brut-aritz-kabe-galeria-nocolor-a-inaugurarse-el-25-de-abril-de-2008-en-donostia\/"},"modified":"2008-04-24T11:12:23","modified_gmt":"2008-04-24T10:12:23","slug":"art-brut-aritz-kabe-galeria-nocolor-a-inaugurarse-el-25-de-abril-de-2008-en-donostia","status":"publish","type":"post","link":"http:\/\/www.loveof74.es\/weblog\/cultura\/art-brut-aritz-kabe-galeria-nocolor-a-inaugurarse-el-25-de-abril-de-2008-en-donostia\/","title":{"rendered":"Art Brut. Aritz Kabe (Galer\u00eda NoColor, a inaugurarse el 25 de Abril de 2008 en Donostia)"},"content":{"rendered":"<p><strong>1\/  Nombre y apellidos, edad.<\/strong><br \/>\nAritz \u201cKabe\u201d Fdz. De Gorostiza, 26 a\u00f1os<\/p>\n<p><strong>2\/ \u00bfCu\u00e1l es tu relaci\u00f3n con el arte? Eres\/has sido creador, lo estudiaste pero no ejerciste, siempre te ha gustado\u2026<\/strong><\/p>\n<p>Me form\u00e9 como dise\u00f1ador gr\u00e1fico, pero en la escuela nos ense\u00f1aban algo mas que el freehand y el Photoshop (a diferencia de muchas escuelas que dicen crear dise\u00f1adores gr\u00e1ficos y educan sus alumnos \u00fanicamente con lecciones de programaci\u00f3n y filtros digitales) aprend\u00ed como revelar un carrete de fotos en un laboratorio, como aplicar t\u00e9cnicas de ilustraci\u00f3n, como rescatar referencias para emprender un proyecto. Adem\u00e1s pude madurar mis propias conclusiones acerca del arte.<\/p>\n<p><strong>3\/ \u00bfDe donde y cu\u00e1ndo nace la idea de montar una galer\u00eda de arte?<\/strong><\/p>\n<p>Realmente lo que pretend\u00eda era montar un estudio de dise\u00f1o, pero para poder mantener mis inquietudes art\u00edsticas vivas; era casi obligatorio desarrollar un espacio expositivo, alimentando mi mente con proyectos paralelos que pudierse generar libremente y despu\u00e9s exponerlos al p\u00fablico. Creo que la creatividad de cualquier dise\u00f1ador gr\u00e1fico tiene fecha de caducidad si esta condenada a la pantalla de su ordenador (por mucho que sea un flamante Mac). Me parece obligado tener motivaciones personales, ganas de hacer cosas, de pensar, de actuar, de colaborar, etc.<\/p>\n<p><strong>4 \/ \u00bfPorque el nombre de la misma?<\/strong><\/p>\n<p>Suelo decir que \u201cNoColor es un lienzo en blanco, un espacio abierto al arte y al dise\u00f1o, que no condiciona la obra; la integra adoptando su matiz\u201d. Para los que se hayan quedado igual, lo que quiero decir es que he tratado de configurar una galer\u00eda neutra que no afecte a la exposici\u00f3n, para que sea la principal protagonista y pueda comunicar lo que pretende sin ning\u00fan condicionante externo. No es que no haya color, sino que debe aportarlo el artista.<\/p>\n<p><strong>5\/ \u00bfQu\u00e9 tal ves la ciudad en este sentido?<\/strong><\/p>\n<p>El otro d\u00eda o\u00eda en un debate televisivo que Donostia se est\u00e1 convirtiendo en la ciudad de las \u201c3 P\u201d (pipas paseo y playa) no les faltaba raz\u00f3n, ya que las propuestas socio-culturales son escasas.  Parece ser que con andar a vueltas con el reacondicionamiento de tabacalera sea suficiente. Creo que deber\u00eda haber un inter\u00e9s mucho mayor por parte de los concejales de cultura de promover nuevas iniciativas en las que la gente pueda tomar parte activamente, no solo como meros espectadores. Pero no vamos a echar toda la culpa a las instituciones; vivimos en un momento en el que la sociedad est\u00e1 muy estancada en el conformismo, sin preocuparse por nada mas all\u00e1 de lo que le aporte un beneficio material o econ\u00f3mico.<\/p>\n<p><!--more--><strong>6\/ Las cosas m\u00e1s rupturistas suelen tener vida ef\u00edmera\u2026 recuerdo una galer\u00eda en la calle ronda que no lleg\u00f3 al mes<\/strong><\/p>\n<p>En efecto; lo rompedor, lo nuevo, lo que transgrede genera un miedo, una inestabilidad en la vida emocional de un espectador. Muchas veces eso se traduce en un rechazo, una repulsa por no comprender ni tener la m\u00ednima intenci\u00f3n de hacerlo. Yo no pretendo ser rupturista, ni rompedor, ni moderno. Simplemente siento la necesidad de proyectar mis dise\u00f1os en un lugar que me aporte vida y ganas de seguir trabajando, al mismo tiempo que otros puedan exponer trabajos que muchas veces nunca saldr\u00edan a la luz.<\/p>\n<p><strong>7\/  Una duda: \u00bfcuando uno quiere montar una galer\u00eda, hay ayudas o subvenciones p\u00fablicas para este tipo de tiendas de arte?<\/strong><\/p>\n<p>Los j\u00f3venes emprendedores que queremos montar nuestro propio negocio, contamos con ayudas del Gobierno Vasco, Diputaci\u00f3n, Fomento de San Sebasti\u00e1n (en el caso de que sea en Donostia) del INEM, etc. El problema es buscar las compatibilidades, cumplir los requisitos y hacer las solicitudes a tiempo. El papeleo es algo complicado y si le sumas la inexperiencia y lo multiplicas por los problemas que te van surgiendo; al final si consigues alguna es todo un logro.<\/p>\n<p><strong>8\/ \u00bfel espacio lo elige uno o debe pelearse con precios y alquileres y meterse donde buenamente se pueda?<\/strong><\/p>\n<p>Existen dos casos bien diferentes; el proyecto que nace con mucho dinero y el que nace con mucha ilusi\u00f3n. Por suerte o por desgracia el m\u00edo es el segundo caso. Despu\u00e9s de mucha caminata y llamada telef\u00f3nica, empezaba a ver bastante dif\u00edcil el continuar adelante, ya que los precios de los alquileres eran desorbitados y los de venta prohibitivos\u2026 hasta que de pronto, casi sin pretenderlo, me propusieron un local muy bien situado que reun\u00eda los requisitos que buscaba. Solo hab\u00eda un peque\u00f1o gran problema: estaba pr\u00e1cticamente en ruinas, no hab\u00eda luz ni hab\u00eda agua y su aspecto era bastante desolador. Sab\u00eda que la obra me supondr\u00eda mucho tiempo y dinero. Un a\u00f1o despu\u00e9s aquel local se ha convertido en un bonito estudio. Ha costado mas de dos disgustos y he tenido que ingeniarmelas para buscar alternativas, pero sobre todo he tenido la gran suerte de contar con la ayuda de muchos amigos y familiares a los que debo la mitad del proyecto, en especial a Luis Javier Etxarri (Luiso), ya que sin su ayuda nada de esto habr\u00eda sido posible. Desde aqu\u00ed quiero agradecerles de todo coraz\u00f3n su esfuerzo y sacrificio.<\/p>\n<p><strong>9 \/ \u00bfCu\u00e1les son las galer\u00edas, locales o menos, que te inspiran para la tuya? <\/strong><\/p>\n<p>Mas que las galer\u00edas en si mismas, me inspiraban los peque\u00f1os detalles que rescataba por cualquier lado. Es complicado desmarcarse del resto de locales de la ciudad, hay trabajos de interiorismo realmente asombrosos; peluquer\u00edas, bares, inmobiliarias que bien podr\u00edan ser galer\u00edas de arte. Pero si que hay detalles que hacen a uno desmarcarse del resto, ya sea por la utilizaci\u00f3n de nuevos materiales o por la utilidad de los mismos. Eso era lo que necesitaba mi local; una actuaci\u00f3n correcta, un seguimiento diario que diera la vuelta a los inconvenientes que fuesen surgiendo. A nivel conceptual segu\u00eda un esquema muy minimalista, desarrollado con formas rectil\u00edneas y ausencia de mobiliario. Destacar la funcionalidad frente a la decoraci\u00f3n era el principal cometido.<\/p>\n<p><strong>10\/  \u00bfc\u00f3mo ser\u00e1 tu galer\u00eda, que tipo de obras se podr\u00e1n ver? (relacionada con la anterior, pero esta es m\u00e1s practica, menos sobre influencias)<\/strong><\/p>\n<p>No hay un patr\u00f3n base ni un estilo marcado, simplemente unas pautas.  Como dise\u00f1ador parto de \u201c0\u201d cada vez que comienzo a trabajar, pienso que cada cliente tiene su perfil y cada proyecto sus necesidades. Me gusta trabajar las composiciones tipogr\u00e1ficas, los juegos crom\u00e1ticos y deshacerme de elementos innecesarios ya que al final resultan contaminantes. En la galer\u00eda pasa un poco lo mismo; cuanta mas diversificaci\u00f3n de estilos haya, mas se enriquecer\u00e1 el espectador. No voy a dictar unas normas de actuaci\u00f3n ni mucho menos alterar una obra, ya que actuar\u00eda en contra de lo que representa la galer\u00eda. Pero si que buscar\u00e9 nuevos estilos, ideas innovadoras de gente con ilusi\u00f3n. Intentar\u00e9 adem\u00e1s que sean artistas j\u00f3venes que tienen realmente dif\u00edcil contar con un espacio en el que mostrar su trabajo.<\/p>\n<p><strong>11\/ \u00bfSer\u00e1 un espacio de artistas locales? Rompedores\/cl\u00e1sicos? \u00bfDonde investiga un gestor para buscar artistas actuales\/modernos\/rompedores?<\/strong><\/p>\n<p>No tienen porque ser locales, rompedores, cl\u00e1sicos, abstractos ni realistas. Pero pueden serlo. Lo que m\u00e1s me importa de los artistas que intervengan en la galer\u00eda, es que su obra cuente algo, que transmita un mensaje e invite al espectador a una reflexi\u00f3n. L\u00f3gicamente no va a ser siempre as\u00ed, pero en principio busco un arte mas conceptual que bello.<br \/>\nPor otro lado en Internet adem\u00e1s de grandes artistas, podemos encontrar un mont\u00f3n de proyectos novedosos muy interesantes. Intentar\u00e9 formar parte de ellos, proponer nuevas aplicaciones o simplemente invitar a sus  creadores a exponer su obra en la galer\u00eda.<\/p>\n<p><strong>12\/ \u00bfQue tal la ciudad\/provincia en eso de artistas rompedores?<\/strong><\/p>\n<p>Mas que artistas rompedores, es lo que vengo comentando: artistas emprendedores. Son estos los que est\u00e1n marcando el panorama actual. Personas que buscan cumplir sus sue\u00f1os y luchan por ello. Lo dem\u00e1s pueden ser solo modas; lo que hoy es rompedor, ma\u00f1ana puede estar desfasado. Conozco muchas personas donostiarras, que al igual que yo han luchado por sacar a flote un proyecto y son los que realmente valoro. Fot\u00f3grafos que crean su propia revista, skaters que montan una galer\u00eda, artistas que desarrollan una marca de ropa y abren su tienda, etc.<\/p>\n<p><strong>13\/  Cuales son los festejos que has preparado para la inauguraci\u00f3n?<\/strong><\/p>\n<p>He coordinado unas jornadas junto con otros 5 artistas divididos 3 proyectos dispares con un hilo conductor que las gu\u00eda; la relaci\u00f3n entre persona\/grafismo\/entorno, contextualizados de forma simb\u00f3lica en el proceso acci\u00f3n\/reflexi\u00f3n\/reacci\u00f3n.<br \/>\nLas acci\u00f3n comenzar\u00e1n hoy a las 17.00h, con ilustraciones de Ibai Etxeberria y trabajos m\u00edos de dise\u00f1o gr\u00e1fico. Dando paso la inauguraci\u00f3n oficial que ser\u00e1 a las 20.00h.<br \/>\nMa\u00f1ana s\u00e1bado tambi\u00e9n a partir de las 17.00h, se desarrollar\u00e1 una Performance titulada: \u201cAtasco\u201d, una especie de reflexi\u00f3n a cargo de Laura Celada, Jose Matxinbarrena y Javier Sanmart\u00edn (Shaf).<br \/>\nEl domingo arrancar\u00e1 con el mismo horario de apertura, con una exposici\u00f3n de Juan Aizpitarte, qui\u00e9n presentar\u00e1 el libro de stickers \u201cBrote\u201d a las 19.00h y dirigir\u00e1 un taller en el que los espectadores podr\u00e1n reaccionar. Habr\u00e1 m\u00fasica en directo y un peque\u00f1o lunch para amenizar el encuentro. Estais todos invitados.<\/p>\n<p><strong>14\/ \u00bfVender\u00e1s por internet?<\/strong><\/p>\n<p>Internet hoy d\u00eda es la herramienta comunicativa por excelencia, por lo que mas que a vender, voy a dedicar la web a que el visitante comprenda el concepto NoColor. He intentado dise\u00f1ar una p\u00e1gina muy sencilla en la que poder navegar f\u00e1cilmente y entender cada apartado del local; el de estudio de dise\u00f1o y el de galer\u00eda de arte. En ambos casos el usuario podr\u00e1 ver trabajos de dise\u00f1o gr\u00e1fico como las \u00faltimas exposiciones. Siempre de forma actualizada.<\/p>\n<p><strong>15\/  Forma de contacto para futuros artistas interesados en exponer en tu espacio.<\/strong><br \/>\nEst\u00e1n todos invitados a pasar por aqu\u00ed. Al margen de que puedan exponer o no podr\u00e1n conocer la galer\u00eda y tendr\u00e1n la oportunidad de ense\u00f1arme su trabajo. En cualquier caso NoColor est\u00e1 en paseo col\u00f3n 37. al lado de la playa de La Zurriola en Donostia. Para m\u00e1s informaci\u00f3n www.nocolor.es<\/p>\n","protected":false},"excerpt":{"rendered":"<p>1\/ Nombre y apellidos, edad. Aritz \u201cKabe\u201d Fdz. De Gorostiza, 26 a\u00f1os 2\/ \u00bfCu\u00e1l es tu relaci\u00f3n con el arte? Eres\/has sido creador, lo estudiaste pero no ejerciste, siempre te ha gustado\u2026 Me form\u00e9 como dise\u00f1ador gr\u00e1fico, pero en la escuela nos ense\u00f1aban algo mas que el freehand y el Photoshop (a diferencia de muchas &#8230; <a title=\"Art Brut. Aritz Kabe (Galer\u00eda NoColor, a inaugurarse el 25 de Abril de 2008 en Donostia)\" class=\"read-more\" href=\"http:\/\/www.loveof74.es\/weblog\/cultura\/art-brut-aritz-kabe-galeria-nocolor-a-inaugurarse-el-25-de-abril-de-2008-en-donostia\/\" aria-label=\"M\u00e1s en Art Brut. Aritz Kabe (Galer\u00eda NoColor, a inaugurarse el 25 de Abril de 2008 en Donostia)\">Leer m\u00e1s<\/a><\/p>\n","protected":false},"author":1,"featured_media":0,"comment_status":"open","ping_status":"open","sticky":false,"template":"","format":"standard","meta":{"om_disable_all_campaigns":false,"_mi_skip_tracking":false},"categories":[78],"tags":[753,481,479,752],"aioseo_notices":[],"views":5856,"_links":{"self":[{"href":"http:\/\/www.loveof74.es\/weblog\/wp-json\/wp\/v2\/posts\/271"}],"collection":[{"href":"http:\/\/www.loveof74.es\/weblog\/wp-json\/wp\/v2\/posts"}],"about":[{"href":"http:\/\/www.loveof74.es\/weblog\/wp-json\/wp\/v2\/types\/post"}],"author":[{"embeddable":true,"href":"http:\/\/www.loveof74.es\/weblog\/wp-json\/wp\/v2\/users\/1"}],"replies":[{"embeddable":true,"href":"http:\/\/www.loveof74.es\/weblog\/wp-json\/wp\/v2\/comments?post=271"}],"version-history":[{"count":0,"href":"http:\/\/www.loveof74.es\/weblog\/wp-json\/wp\/v2\/posts\/271\/revisions"}],"wp:attachment":[{"href":"http:\/\/www.loveof74.es\/weblog\/wp-json\/wp\/v2\/media?parent=271"}],"wp:term":[{"taxonomy":"category","embeddable":true,"href":"http:\/\/www.loveof74.es\/weblog\/wp-json\/wp\/v2\/categories?post=271"},{"taxonomy":"post_tag","embeddable":true,"href":"http:\/\/www.loveof74.es\/weblog\/wp-json\/wp\/v2\/tags?post=271"}],"curies":[{"name":"wp","href":"https:\/\/api.w.org\/{rel}","templated":true}]}}