{"id":1519,"date":"2009-08-19T08:26:42","date_gmt":"2009-08-19T07:26:42","guid":{"rendered":"http:\/\/www.loveof74.es\/weblog\/?p=1519"},"modified":"2009-08-19T13:01:34","modified_gmt":"2009-08-19T12:01:34","slug":"revista-de-playa-cartas-al-director","status":"publish","type":"post","link":"http:\/\/www.loveof74.es\/weblog\/nada-cosas-mias\/revista-de-playa-cartas-al-director\/","title":{"rendered":"Revista de playa: Cartas al director"},"content":{"rendered":"<p>Leo consternado el \u00faltimo art\u00edculo que el faro nacionalista I\u00f1igo Urkullu ha publicado en su blog y que cien diarios<a href=\"http:\/\/www.diariovasco.com\/20090818\/politica\/cyberlehendakari-20090818.html\"> han reproducido en sus p\u00e1ginas gracias a la crisis de noticias veraniegas<\/a>. El gur\u00fa nacionalista ataca al actual Lehendakari por, seg\u00fan sus palabras, subirse al carro del 2.0. Lastima que, hablando de carros, don Urkullu Berners Lee siga a\u00fan anclado en el de Manolo Escobar. mi punto de vista est\u00e1 cerca de la diana de <strong><a href=\"http:\/\/www.javierortiz.net\/voz\/iturri\/el-ruido-20-de-la-clase-politica\">Iturri<\/a><\/strong> o <strong><a href=\"http:\/\/feedproxy.google.com\/~r\/processblack\/~3\/MlIYRuuGtEs\/manual-para-ciberpoliticos-en-twitter\">Processblack<\/a><\/strong><\/p>\n<p>&#8211;<\/p>\n<p><strong><a href=\"http:\/\/www.diariovasco.com\/20090818\/san-sebastian\/pasa-verbena-paseo-nuevo-20090818.html\">Del balance del concejal de Fiestas sobre la Semana Grande<\/a><\/strong>: \u201cOtro pero, esta vez m\u00e1s relacionado con la organizaci\u00f3n que con el acto festivo. Se trata del Concurso de Pop Rock, que ha ido perdiendo atractivo. \u00ab<em>Nos vamos a plantear ofrecer un mayor apoyo a los grupos que se presenten, quiz\u00e1 cambiar el formato por otro m\u00e1s adaptado y, desde luego, recurrir a internet para difundir todo lo que se hace en esta materia. Queremos potenciar un concurso que hab\u00eda arraigado muy bien en la programaci\u00f3n de Semana Grande y que, lo vamos a analizar, tiene poca difusi\u00f3n\u00bb.<\/em>\u201d<\/p>\n<p>Todo lo que sea mejorar ser\u00e1 bienvenido, aunque eso de internet me produce tantos temblores como lo de Urkullu. A d\u00eda de hoy, y que yo sepa, las informaciones de los grupos han estado en la web municipal, y este a\u00f1o hasta han colgado audio de los grupos finalistas. Todo es mejorable, pero no queda claro cual es el deseo del intendente.<\/p>\n<p>Veo que no estaba en el cargo cuando el acto se celebraba en el paso del Paseo Nuevo, con los delfines como \u00fanicos acompa\u00f1antes. Lo del cambio de formato me mosquea:\u00bfSe echar\u00e1n DVDs de los grupos?\u00bfSe tocar\u00e1 en playback?\u00bfEl <strong><a href=\"http:\/\/conjuntobarrocosanse.galeon.com\/\">Conjunto Barroco<\/a><\/strong> versionear\u00e1 sus canciones?\u00bfSer\u00e1 ley que Mikel Erentxun salga a cantar un tema?<\/p>\n<p>&#8212;&#8211;<\/p>\n<p>Sobredosis de presuntos y supuestos. Escuchado ayer en el largo viaje de vuelta en coche y referido a la extinci\u00f3n de incendios: \u201cCon este producto qu\u00edmico evitamos que el agua se evapore al caer sobre el fuego y asi vamos perimetrando el incendio\u2026el supuesto incendio\u201d<\/p>\n","protected":false},"excerpt":{"rendered":"<p>Leo consternado el \u00faltimo art\u00edculo que el faro nacionalista I\u00f1igo Urkullu ha publicado en su blog y que cien diarios han reproducido en sus p\u00e1ginas gracias a la crisis de noticias veraniegas. El gur\u00fa nacionalista ataca al actual Lehendakari por, seg\u00fan sus palabras, subirse al carro del 2.0. Lastima que, hablando de carros, don Urkullu &#8230; <a title=\"Revista de playa: Cartas al director\" class=\"read-more\" href=\"http:\/\/www.loveof74.es\/weblog\/nada-cosas-mias\/revista-de-playa-cartas-al-director\/\" aria-label=\"M\u00e1s en Revista de playa: Cartas al director\">Leer m\u00e1s<\/a><\/p>\n","protected":false},"author":1,"featured_media":0,"comment_status":"open","ping_status":"open","sticky":false,"template":"","format":"standard","meta":{"om_disable_all_campaigns":false,"_mi_skip_tracking":false},"categories":[28],"tags":[],"aioseo_notices":[],"views":4289,"_links":{"self":[{"href":"http:\/\/www.loveof74.es\/weblog\/wp-json\/wp\/v2\/posts\/1519"}],"collection":[{"href":"http:\/\/www.loveof74.es\/weblog\/wp-json\/wp\/v2\/posts"}],"about":[{"href":"http:\/\/www.loveof74.es\/weblog\/wp-json\/wp\/v2\/types\/post"}],"author":[{"embeddable":true,"href":"http:\/\/www.loveof74.es\/weblog\/wp-json\/wp\/v2\/users\/1"}],"replies":[{"embeddable":true,"href":"http:\/\/www.loveof74.es\/weblog\/wp-json\/wp\/v2\/comments?post=1519"}],"version-history":[{"count":4,"href":"http:\/\/www.loveof74.es\/weblog\/wp-json\/wp\/v2\/posts\/1519\/revisions"}],"predecessor-version":[{"id":1521,"href":"http:\/\/www.loveof74.es\/weblog\/wp-json\/wp\/v2\/posts\/1519\/revisions\/1521"}],"wp:attachment":[{"href":"http:\/\/www.loveof74.es\/weblog\/wp-json\/wp\/v2\/media?parent=1519"}],"wp:term":[{"taxonomy":"category","embeddable":true,"href":"http:\/\/www.loveof74.es\/weblog\/wp-json\/wp\/v2\/categories?post=1519"},{"taxonomy":"post_tag","embeddable":true,"href":"http:\/\/www.loveof74.es\/weblog\/wp-json\/wp\/v2\/tags?post=1519"}],"curies":[{"name":"wp","href":"https:\/\/api.w.org\/{rel}","templated":true}]}}