{"id":10413,"date":"2022-05-20T07:43:05","date_gmt":"2022-05-20T06:43:05","guid":{"rendered":"http:\/\/www.loveof74.es\/weblog\/?p=10413"},"modified":"2022-05-20T09:15:01","modified_gmt":"2022-05-20T08:15:01","slug":"el-futuro-de-la-ciudad-lo-esta-decidiendo-el-presidente-de-la-comunidad-de-turno-que-ese-ano-pasaba-por-ahi","status":"publish","type":"post","link":"http:\/\/www.loveof74.es\/weblog\/nada-cosas-mias\/el-futuro-de-la-ciudad-lo-esta-decidiendo-el-presidente-de-la-comunidad-de-turno-que-ese-ano-pasaba-por-ahi\/","title":{"rendered":"\u00abEl futuro de la ciudad lo est\u00e1 decidiendo el Presidente de la Comunidad de turno que ese a\u00f1o pasaba por ah\u00ed\u00bb"},"content":{"rendered":"\n<hr class=\"wp-block-separator\"\/>\n\n\n\n<ul class=\"wp-block-gallery columns-1 is-cropped wp-block-gallery-1 is-layout-flex\"><li class=\"blocks-gallery-item\"><figure><img decoding=\"async\" loading=\"lazy\" width=\"300\" height=\"185\" src=\"http:\/\/www.loveof74.es\/weblog\/wp-content\/uploads\/2022\/05\/ekain-jimenez-U70822479692anC-U901362400675rpE-624x385@El-Correo-ElCorreo-300x185.jpeg\" alt=\"\" data-id=\"10427\" data-link=\"http:\/\/www.loveof74.es\/weblog\/sin-categoria\/el-futuro-de-la-ciudad-lo-esta-decidiendo-el-presidente-de-la-comunidad-de-turno-que-ese-ano-pasaba-por-ahi\/attachment\/ekain-jimenez-u70822479692anc-u901362400675rpe-624x385el-correo-elcorreo\/#main\" class=\"wp-image-10427\" srcset=\"http:\/\/www.loveof74.es\/weblog\/wp-content\/uploads\/2022\/05\/ekain-jimenez-U70822479692anC-U901362400675rpE-624x385@El-Correo-ElCorreo-300x185.jpeg 300w, http:\/\/www.loveof74.es\/weblog\/wp-content\/uploads\/2022\/05\/ekain-jimenez-U70822479692anC-U901362400675rpE-624x385@El-Correo-ElCorreo-100x62.jpeg 100w, http:\/\/www.loveof74.es\/weblog\/wp-content\/uploads\/2022\/05\/ekain-jimenez-U70822479692anC-U901362400675rpE-624x385@El-Correo-ElCorreo.jpeg 624w\" sizes=\"(max-width: 300px) 100vw, 300px\" \/><\/figure><\/li><\/ul>\n\n\n\n<p>Hoy lavamos nuestra fachada y entrevistamos   al arquitecto <a href=\"https:\/\/ekain-arquitectura.com\/\"><strong>Ekain Jimenez.<\/strong><\/a> Vocal de cultura de la Delegaci\u00f3n en \u00c1lava Colegio Oficial de Arquitectos Vasconavarro y comunicador que va de capital en capital (\u201c<em>nac\u00ed en Donostia, fui a Pamplona a estudiar arquitectura, ahora estoy en Vitoria-Gasteiz y luego a dormir. Supongo que me jubilar\u00e9 en Bilbo<\/em>\u201d) buscando peque\u00f1as grandes obras capitales.<\/p>\n\n\n\n<p>Acudimos a \u00e9l para preguntarle las inquietudes ciudadanas, esas que viajan de lo peque\u00f1o y cercano (nuestras fachadas y sus renovaciones energ\u00e9ticas) a lo grande y cercano (Los nuevos edificios previstos en Donostia. Spoiler: la cosa va regular)<\/p>\n\n\n\n<p><strong>La verdad es que la arquitectura en redes sociales est\u00e1 disfrutando de un \u00e9xito exponencial.<\/strong><\/p>\n\n\n\n<p>Est\u00e1 ocurriendo en todos los \u00e1mbitos. Se debe, no nos enga\u00f1emos, a una precariedad laboral que nos deja tiempo para dedicarlo a la divulgaci\u00f3n (o al cotilleo). Para bien y para mal: hay muchos y grandes divulgadores, y muchos y grand\u00edsimos opin\u00f3logos.<\/p>\n\n\n\n<p><strong>\u00bfA qu\u00e9 te has dedicado \u00faltimamente entre tweet y tweet?<\/strong><\/p>\n\n\n\n<p>He terminado una peque\u00f1a galer\u00eda de arte, estoy terminando una vivienda y he estrenado mi oficina, cosa que me ha hecho realmente feliz. Entretanto reformo pisos y hago informes que es algo que relaja y que se paga bien.<\/p>\n\n\n\n<p><strong>\u00bfEs el SATE y la fachada ventilada el ketchup de la comida, el vinagre de m\u00f3dena de las ensaladas?<\/strong><\/p>\n\n\n\n<p>El SATE es ese compa\u00f1ero de piso insoportable con el que nos ha tocado convivir a los arquitectos. Es un abrigo que se le pone al edificio para que no pasemos fr\u00edo y paguemos menos calefacci\u00f3n. En el contexto de la emergencia clim\u00e1tica es una soluci\u00f3n necesaria.<\/p>\n\n\n\n<p><strong>No quiero SATE ni Ventilada, pero..\u00bfHay acaso otra soluci\u00f3n si debo renovar mi fachada?<\/strong><\/p>\n\n\n\n<p>Como intervenci\u00f3n en la envolvente, no. Un SATE es, por definici\u00f3n, un Sistema de Aislamiento T\u00e9rmico Exterior.<\/p>\n\n\n\n<p>En comunidades que no tienen intenci\u00f3n de acometer una reforma energ\u00e9tica la intervenci\u00f3n ha de ser a t\u00edtulo particular, <a href=\"https:\/\/www.calixtofernandez.com\/productos\/pladur\/item\/trasdosado-autoportante\"><strong>trasdosando por dentro<\/strong><\/a> e incorporando aislamiento.<\/p>\n\n\n\n<p>En mis reformas es requisito imprescindible incorporar 15 cm de aislamiento y sustituir las ventanas por otras de alto est\u00e1ndar si es econ\u00f3mica y t\u00e9cnicamente viable. El cliente se da cuenta de que no va a necesitar poner la calefacci\u00f3n con lo que el retorno de esa inversi\u00f3n es sorprendentemente r\u00e1pido (incluso sin considerar la subvenci\u00f3n), teniendo en cuenta que aislar es barato y que la p\u00e9rdida de superficie, salvo casos particulares, es muy asumible.<\/p>\n\n\n\n<p><strong>\u00bfPor qu\u00e9 esa explosi\u00f3n de fachadas de este tipo?<\/strong><\/p>\n\n\n\n<p>Cada vez somos m\u00e1s conscientes de la importancia de una vivienda bien aislada que mitigue el consumo energ\u00e9tico y que nos ahorre pasta en la factura. Esto, respaldado por una avalancha de ayudas y sus correspondientes plazos, ha precipitado este tipo de actuaciones que han ido apareciendo sin orden ni control. <\/p>\n\n\n\n<p>A esto se le a\u00f1ade una cuesti\u00f3n de atribuciones profesionales: aunque la ley (LOE) dice que para esas obras hace falta arquitecto, muchos ayuntamientos, por ejemplo el de Gasteiz, est\u00e1n permitiendo tramitar estas obras como licencia de obra menor. Esto significa que cualquier persona puede presentar el proyecto y elegir los colores y la formalizaci\u00f3n de la nueva fachada. <\/p>\n\n\n\n<p> La primera consecuencia es esa explosi\u00f3n de fachadas de colores, cada uno de su padre y de su madre, que va a tener serias implicaciones en la imagen de la ciudad. Y esto es un problema que llevamos tiempo advirtiendo.<\/p>\n\n\n\n<p><strong>\u201cY no vale que desde la Adm\u00f3n. se diga que no pueden hacer nada. Por que no es cierto.\u201d, dices en un tuit \u00bfQu\u00e9 pueden hacer entonces?<\/strong><\/p>\n\n\n\n<p>Nos tenemos que anticipar de forma urgente. La Administraci\u00f3n Local puede enfrentarse al problema a trav\u00e9s de las siguientes actuaciones:<\/p>\n\n\n\n<ul><li>La fundamental, <strong>estas obras han de realizarse con intervenci\u00f3n de arquitecto<\/strong>. El arquitecto no siempre pero suele trabajar con responsabilidad a la hora de intervenir en el patrimonio construido. Adem\u00e1s, obras realizadas sin arquitecto no se ajustan a derecho y si luego hay problemas no hay seguro que se responsabilice de una obra ejecutada sin arquitecto.<\/li><\/ul>\n\n\n\n<ul><li><strong>Campa\u00f1as de divulgaci\u00f3n<\/strong> para que las comunidades tomen conciencia del problema.<\/li><\/ul>\n\n\n\n<ul><li><strong>Adecuaci\u00f3n de la ordenanza<\/strong>. Muchas ordenanzas proh\u00edben colores estridentes. Con los SATEs hay que incidir en ello. Pero ir\u00eda m\u00e1s lejos:<\/li><\/ul>\n\n\n\n<p>a) Que diferentes portales de una misma unidad edificatoria deber\u00edan acordar un mismo color.<\/p>\n\n\n\n<p>b) Edificios id\u00e9nticos en un determinado entorno deber\u00edan acordar una soluci\u00f3n similar.<\/p>\n\n\n\n<p>c) En \u00e1mbitos con un parque edificado homog\u00e9neo se deber\u00edan realizar estudios crom\u00e1ticos. Esto es oportuno en barrios obreros que por sus condicionantes urbanos est\u00e1n necesitados de un entorno cuyo resultado futuro se haga con visi\u00f3n global.<\/p>\n\n\n\n<ul><li><strong>Incentivos fiscales para las comunidades que aporten soluciones con un alto est\u00e1ndar de calidad.<\/strong> Hay que tener en cuenta que un edificio es una propiedad privada pero a su vez es un elemento que hace ciudad. De ah\u00ed la importancia de estar atentos a lo que se nos viene encima.<\/li><\/ul>\n\n\n\n<p><strong>Y el presidente de la comunidad tiene su relevancia\u2026<\/strong><\/p>\n\n\n\n<p>Est\u00e1 sucediendo que el futuro de la ciudad lo est\u00e1 decidiendo el Presidente de la Comunidad de turno que ese a\u00f1o pasaba por ah\u00ed y que hace as\u00ed con el dedo en la carta de colores de la empresa constructora que va a hacer la obra.<\/p>\n\n\n\n<p>El primero de la calle hace un SATE rojo, luego viene el siguiente y piensa que el azul es mejor y el del siguiente, presidido por un soldador jubilado y la otra administrativa de una asesor\u00eda fiscal, piensan que mejor el suyo en verde. Y de repente comenzamos a ver la que se nos viene encima: una ciudad llena de colorinchis. <\/p>\n\n\n\n<p>Hay muchos barrios con notables valores ambientales que tienen una buena oportunidad de mejora urbana si esto se hace coordinadamente. De lo contrario se viene el desastre.<\/p>\n\n\n\n<p><strong>El catedr\u00e1tico Miguel A. Alonso del Val sac\u00f3 un iluminado texto de opini\u00f3n , <a href=\"https:\/\/www.diariodenavarra.es\/noticias\/opinion\/2021\/11\/07\/necesario-alicatar-nuestra-ciudad-506641-1064.html\">con Donostia como ejemplo negativo<\/a> (\u201c<\/strong><em><strong>si el \u00fanico objetivo es forrar los edificios con un alicatado para meterles bien de aislante y que consuman poca energ\u00eda\u2026. en 10 a\u00f1os vamos a estar en una ciudad que no vamos a conocer<\/strong><\/em><strong>\u201d)<\/strong><\/p>\n\n\n\n<p>Le preocupa, como a muchos de nosotros, cualquier intervenci\u00f3n en nuestras ciudades que no vaya acompa\u00f1ada de una reflexi\u00f3n previa. Una reflexi\u00f3n cr\u00edtica con lo que hay y con lo que se hace, apelando siempre a la cautela, a ir despacio. Mostrando un gran respeto por la ciudad heredada, sea esta de clase alta o sea un barrio obrero. <\/p>\n\n\n\n<p>No somos conscientes pero formamos parte de la tradici\u00f3n futura. Esto es lo importante. Esto quiere decir que no tenemos ning\u00fan derecho a que cada propuesta que hagamos sea un fuego de artificio.<\/p>\n\n\n\n<p><strong>Seguimos subiendo la escalera, y tras el Presidente de la Comunidad llega el administrador.<\/strong><\/p>\n\n\n\n<p>Puede ser un buen mediador si se le traslada convenientemente este problema. Lo mismo que los Colegios Oficiales de Arquitectos, que tienen la <a href=\"http:\/\/www.coavnss.org\/noticia\/el-coavn-gipuzkoa-y-el-coaatg-han-presentado-hoy-las-oficinas-de-rehabilitacion-en-rueda-de-prensa\"><strong>oportunidad de prestar su ayuda a los ciudadanos<\/strong><\/a> y a los Ayuntamientos para las tareas necesarias y sensibilizando a sus arquitectos p\u00fablicos para que act\u00faen con mucha responsabilidad en estos casos.<\/p>\n\n\n\n<p><strong>La soluci\u00f3n debe ser social, comunitaria, de ciudad.<\/strong><\/p>\n\n\n\n<p>Exacto. La soluci\u00f3n es pol\u00edtica. Que la Administraci\u00f3n no act\u00fae es una (mala) soluci\u00f3n pol\u00edtica. Que la sociedad no se haga responsable de este hecho, no exija cierto control, es una actitud pol\u00edtica. La consabida expresi\u00f3n de que \u201ces mi casa y en mi casa hago lo que quiero\u201d tiene un valor muy relativo.<\/p>\n\n\n\n<p>La casa es un bien privativo y a su vez un elemento con presencia en la ciudad. Es un bien individual y comunitario. Es mi casa pero no puedo tirar el pilar del sal\u00f3n. Es mi casa pero no puedo pintar mi terraza de verde. Lo mismo pasa con el edificio. Lo podemos comprobar con los cierres de las terrazas en todas nuestras ciudades y la afecci\u00f3n negativa que ha provocado en el paisaje urbano.<\/p>\n\n\n\n<p><strong>En Gipuzkoa se habla de intrusismo, de empresas que al calor de las ayudas y sin experiencia presentan ofertas y luego acaban sus trabajos de manera deficiente. \u00bfC\u00f3mo descubrir a los tramposos?<\/strong><\/p>\n\n\n\n<p>Siempre aconsejamos contratar primero un arquitecto para que redacte el proyecto (memoria, planos y presupuesto con toda la definici\u00f3n de las partidas y sus mediciones).<\/p>\n\n\n\n<p>Este es el \u00fanico documento v\u00e1lido con el que pedir precio a diferentes empresas para tener garant\u00edas de que no va a haber trampas ni sorpresas. Porque quien defiende los intereses de la comunidad es el arquitecto. La empresa lo que hace es poner precio a las partidas de ese proyecto. Dir\u00e9 m\u00e1s: una empresa constructora seria agradece y quiere que haya un proyecto previamente redactado.<\/p>\n\n\n\n<p><strong>Nos re\u00edmos de libros como \u201c<a href=\"https:\/\/www.diariovasco.com\/culturas\/donostia-ciudad-fea-20220429114453-nt.html\">Espa\u00f1a Fea<\/a>\u201d y ponemos cara de espanto. Pero cerramos el libro y adi\u00f3s problema.<\/strong><\/p>\n\n\n\n<p>&#8216;Espa\u00f1a fea&#8217; analiza el problema de su supuesto fe\u00edsmo poniendo el foco en casos particulares y en los personajes que en ese momento ostentan un cargo de responsabilidad sea este pol\u00edtico, empresarial o del tipo que sea.<\/p>\n\n\n\n<p>En realidad Espa\u00f1a, si es fea lo es porque todos como sociedad hemos querido que sea as\u00ed. Todos somos corresponsables de una cierta mediocridad all\u00e1 donde \u00e9sta hace acto de presencia. Somos mucho de alarmarnos pero &#8216;cerramos el libro inmediatamente&#8217;. Porque en realidad lo que al individuo le preocupa no son los problemas de la sociedad, son los problemas de la sociedad que a \u00e9l, como individuo,le afectan.<\/p>\n\n\n\n<p><strong>\u00bfC\u00f3mo ves Donostia en este sentido de fachadas?<\/strong><\/p>\n\n\n\n<p>No quiero que nadie se ofenda pero Donostia est\u00e1 gobernada, gestionada, circunvalada y circuncidada por una especie de kaxerismo con un muy bajo est\u00e1ndar de calidad en los planteamientos configuradores de la ciudad del futuro.<\/p>\n\n\n\n<p>El \u00faltimo concurso del BBC lo demuestra: ha sido una convocatoria orientada a buscar una soluci\u00f3n espectacular pero irrelevante en t\u00e9rminos de arquitectura.<\/p>\n\n\n\n<ul><li>Espectacular porque lo que se pretend\u00eda era el respaldo de una firma medi\u00e1ticamente eficiente mediante la inclusi\u00f3n en la ciudad de un icono.<\/li><\/ul>\n\n\n\n<ul><li>E irrelevante porque como elemento arquitect\u00f3nico tiene escaso valor: es un edificio que no aporta. Un tap\u00f3n visual para la Avenida que dejar\u00e1 de ver la ladera de Ulia en su aproximaci\u00f3n al mar, una cubierta elevada cuando a lo que aspira el ser humano es a andar en el suelo, que para eso son las ciudades.<\/li><\/ul>\n\n\n\n<ul><li>Es un edificio que ignora voluntariamente todas las consideraciones de eficiencia (energ\u00e9tica, pero tambi\u00e9n de econom\u00eda de medios, de hacer mucho con poco).<\/li><\/ul>\n\n\n\n<ul><li>Y un edificio ego\u00edsta que solo da placer a los que han organizado esta fiesta y a sus propios autores pero que desatiende al ciudadano.<\/li><\/ul>\n","protected":false},"excerpt":{"rendered":"<p>Hoy lavamos nuestra fachada y entrevistamos al arquitecto Ekain Jimenez. Vocal de cultura de la Delegaci\u00f3n en \u00c1lava Colegio Oficial de Arquitectos Vasconavarro y comunicador que va de capital en capital (\u201cnac\u00ed en Donostia, fui a Pamplona a estudiar arquitectura, ahora estoy en Vitoria-Gasteiz y luego a dormir. Supongo que me jubilar\u00e9 en Bilbo\u201d) buscando &#8230; <a title=\"\u00abEl futuro de la ciudad lo est\u00e1 decidiendo el Presidente de la Comunidad de turno que ese a\u00f1o pasaba por ah\u00ed\u00bb\" class=\"read-more\" href=\"http:\/\/www.loveof74.es\/weblog\/nada-cosas-mias\/el-futuro-de-la-ciudad-lo-esta-decidiendo-el-presidente-de-la-comunidad-de-turno-que-ese-ano-pasaba-por-ahi\/\" aria-label=\"M\u00e1s en \u00abEl futuro de la ciudad lo est\u00e1 decidiendo el Presidente de la Comunidad de turno que ese a\u00f1o pasaba por ah\u00ed\u00bb\">Leer m\u00e1s<\/a><\/p>\n","protected":false},"author":1,"featured_media":0,"comment_status":"open","ping_status":"open","sticky":false,"template":"","format":"standard","meta":{"om_disable_all_campaigns":false,"_mi_skip_tracking":false},"categories":[28],"tags":[],"aioseo_notices":[],"views":3391,"_links":{"self":[{"href":"http:\/\/www.loveof74.es\/weblog\/wp-json\/wp\/v2\/posts\/10413"}],"collection":[{"href":"http:\/\/www.loveof74.es\/weblog\/wp-json\/wp\/v2\/posts"}],"about":[{"href":"http:\/\/www.loveof74.es\/weblog\/wp-json\/wp\/v2\/types\/post"}],"author":[{"embeddable":true,"href":"http:\/\/www.loveof74.es\/weblog\/wp-json\/wp\/v2\/users\/1"}],"replies":[{"embeddable":true,"href":"http:\/\/www.loveof74.es\/weblog\/wp-json\/wp\/v2\/comments?post=10413"}],"version-history":[{"count":14,"href":"http:\/\/www.loveof74.es\/weblog\/wp-json\/wp\/v2\/posts\/10413\/revisions"}],"predecessor-version":[{"id":10433,"href":"http:\/\/www.loveof74.es\/weblog\/wp-json\/wp\/v2\/posts\/10413\/revisions\/10433"}],"wp:attachment":[{"href":"http:\/\/www.loveof74.es\/weblog\/wp-json\/wp\/v2\/media?parent=10413"}],"wp:term":[{"taxonomy":"category","embeddable":true,"href":"http:\/\/www.loveof74.es\/weblog\/wp-json\/wp\/v2\/categories?post=10413"},{"taxonomy":"post_tag","embeddable":true,"href":"http:\/\/www.loveof74.es\/weblog\/wp-json\/wp\/v2\/tags?post=10413"}],"curies":[{"name":"wp","href":"https:\/\/api.w.org\/{rel}","templated":true}]}}